{"id":2469,"date":"2011-06-13T04:32:41","date_gmt":"2011-06-13T04:32:41","guid":{"rendered":"http:\/\/www.rincondelbulla.cl\/portal\/?p=2469"},"modified":"2011-06-13T04:32:41","modified_gmt":"2011-06-13T04:32:41","slug":"marca-personal-universidad-catolica-vs-universidad-de-chile-2","status":"publish","type":"post","link":"https:\/\/www.rincondelbulla.cl\/portal\/2011\/06\/13\/marca-personal-universidad-catolica-vs-universidad-de-chile-2\/","title":{"rendered":"Marca Personal: Universidad Cat\u00f3lica vs. Universidad de Chile"},"content":{"rendered":"<figure id=\"attachment_4094\" aria-describedby=\"caption-attachment-4094\" style=\"width: 600px\" class=\"wp-caption alignnone\"><img loading=\"lazy\" decoding=\"async\" class=\" size-full wp-image-4094\" src=\"http:\/\/www.rincondelbulla.cl\/portal\/wp-content\/uploads\/2011\/06\/001905d074337dcbdf0daee3a54264c7.jpg\" alt=\"Foto: Claudio C\u00e1ceres\" class=\"caption\" title=\"Sampaoli nunca renunci\u00f3 a su esquema ofensivo\" width=\"600\" height=\"340\" srcset=\"https:\/\/www.rincondelbulla.cl\/portal\/wp-content\/uploads\/2011\/06\/001905d074337dcbdf0daee3a54264c7.jpg 600w, https:\/\/www.rincondelbulla.cl\/portal\/wp-content\/uploads\/2011\/06\/001905d074337dcbdf0daee3a54264c7-300x170.jpg 300w\" sizes=\"auto, (max-width: 600px) 100vw, 600px\" \/><figcaption id=\"caption-attachment-4094\" class=\"wp-caption-text\">Sampaoli nunca renunci\u00f3 a su esquema ofensivo<\/figcaption><\/figure>\n<p style=\"text-align: justify; line-height: 15pt; background: white;\"><span style=\"font-size: small;\"> <\/span><\/p>\n<p><strong>Tras el pitazo final de Osses, la alegr\u00eda contenida en las huestes azules estall\u00f3 e hizo que un pu\u00f1ado de jugadores m\u00e1s quince mil almas celebraran sin parar la estrella n\u00famero 14 conseguida por el equipo m\u00e1gico. Del equipo, nada que decir. Un partido redondo, donde se logr\u00f3 lo que se ten\u00eda que lograr, donde el marcador preciso, en el marco perfecto hizo que todo fuera emoci\u00f3n. La U, en lo colectivo como en lo individual estuvo a la altura y consigui\u00f3 lo que muchos dec\u00edan que era imposible.<\/strong><\/p>\n<p>  <!--more-->  <\/p>\n<p><strong>Jhonny Herrera:<\/strong> Buen partido, aunque no tuvo mayor trabajo. En el gol nada que hacer, un remate sorpresivo y bien colocado. Tal vez fall\u00f3 en alg\u00fan centro pero nada grave. Para la memoria, el gesto de disculpas hacia la hinchada tras recibir el gol. Nota: 6.5<\/p>\n<p><strong>Mat\u00edas Rodr\u00edguez:<\/strong> Se sab\u00eda que, tras su salida, se complic\u00f3 el primer partido, por lo tanto hab\u00eda que tenerlo s\u00ed o s\u00ed hoy y estuvo. Bien en los desbordes y cada vez que encar\u00f3 gener\u00f3 peligro, excelente. Nota: 7.0<\/p>\n<p><strong>Marcos Gonz\u00e1lez:<\/strong> Bien, un partido casi perfecto si no fuera por el error en el gol de Cat\u00f3lica. Cada vez que salt\u00f3 le gan\u00f3 a Pratto. Nota: 6.5<\/p>\n<p><strong>Jos\u00e9 Rojas:<\/strong> Excelente partido del capit\u00e1n. Fiero en la marca, jam\u00e1s dio pelota por perdida, quiz\u00e1s el gol de Cat\u00f3lica pasa, en parte, por \u00e9l, sin embargo nada opaca el brillante semestre del Pepe. Nota: 7.0<br \/><strong><br \/>Eugenio Mena: <\/strong>En su misi\u00f3n, bien. Buenos desbordes, le cometieron infracci\u00f3n de la cual sali\u00f3 el segundo gol. Tuvo para sentenciar el partido pero defini\u00f3 mal. Nota: 6.5<\/p>\n<p><strong>Felipe Seymur: <\/strong>Otro que hizo un partido redondo. Bien en la marca. Se adue\u00f1\u00f3 del mediocampo e hizo buenas jugadas. Se atrevi\u00f3 a encarar y lo hizo de buena manera. Nota: 7.0<\/p>\n<p><strong>Charles Ar\u00e1nguiz:<\/strong> Junto a Seymur due\u00f1o del mediocampo. Bien en la marca y en el quite. Pate\u00f3 muy bien el tiro libre del cual sali\u00f3 el segundo gol. Entreg\u00f3 bien y gener\u00f3 f\u00fatbol. Nota: 7.0<br \/><strong><br \/>Guillermo Marino:<\/strong> Demostr\u00f3 que su nivel fue subiendo con el campeonato. Cada partido que jugaba era uno mejor. Habilit\u00f3 de buena manera a sus compa\u00f1eros y se atrevi\u00f3 mucho m\u00e1s que ates. Nota: 6.5<\/p>\n<p><strong>Eduardo Vargas: <\/strong>A pesar de no anotar esta vez fue, nuevamente, fundamental en las labores ofensivas. Le hicieron el primer penal y cada vez que pudo gener\u00f3 peligro. Para m\u00ed, la gran figura del Torneo. Nota: 7.0<br \/><strong><br \/>Edson Puch:<\/strong> Esta vez estuvo a la altura, m\u00e1s a\u00fan arrancando de titular. Realiz\u00f3 jugadas vistosas, sobre todo cuando el partido estaba controlado y asegurado. Gener\u00f3 el cuarto gol y acompa\u00f1\u00f3 muy bien a sus compa\u00f1eros. Nota: 6.5<\/p>\n<p><strong>Gustavo Canales:<\/strong> Demostr\u00f3 por qu\u00e9 Sampaoli no dej\u00f3 de incluirlo en la oncena titular. A pesar de que dos de los goles fueron de penal jug\u00f3 su mejor partido en la U. Fue expulsado injustamente. Nota: 7.0<br \/><strong><br \/>SUSTITUCIONES<\/strong><\/p>\n<p><strong>Marcelo D\u00edaz: <\/strong>Entr\u00f3 bien, control\u00f3 el bal\u00f3n con seguridad y gener\u00f3 f\u00fatbol. Tuvo para cerrarlo antes del pitazo final pero su definici\u00f3n no fue correcta. Nota: 6.5<\/p>\n<p><strong>Albert Acevedo:<\/strong> Otro cambio acertado. A pesar que Cat\u00f3lica no se ven\u00eda con todo era necesario reforzar la defensa y dio su grano de arena. Nota: 6.5<\/p>\n<p><strong>Diego Rivarola: <\/strong>\u201cGok\u00fa\u201d ingres\u00f3 y entreg\u00f3 toda su experiencia en ofensiva. Cre\u00f3 un par de jugadas claras de gol que sus compa\u00f1eros no aprovecharon. Lo tuvo pero la mala suerte, esta vez, le jug\u00f3 una mala pasada estrellando su remate contra el poste. Nota: 7.0<\/p>\n<p><strong>EXTRA<\/strong><br \/><strong><br \/>Jorge Sampaoli: <\/strong>El t\u00e9cnico jam\u00e1s renunci\u00f3 a su planteamiento ofensivo, a\u00fan cuando en la primera final le dio malos resultados. El equipo siempre tuvo esa vocaci\u00f3n de ir al ataque y aunque, a veces, descuidaba la defensa se mantuvo fiel a su estilo y termin\u00f3 con las botas puestas. Se agradece la forma en que hace jugar al equipo y, sobre todo hoy, dio en el clavo con todos los cambios que realiz\u00f3 antes y durante el partido. Queda la imagen del estratega agradeciendo a la gente que nunca abandon\u00f3. Nota: 7.0<span style=\"font-size: small;\"><span style=\"color: #000000;\"><span style=\"font-family: Arial;\"> <\/span><\/span><\/span><\/p>\n<p>\u00a0<\/p>\n","protected":false},"excerpt":{"rendered":"<p>Tras el pitazo final de Osses, la alegr\u00eda contenida en las huestes azules estall\u00f3 e hizo que un pu\u00f1ado de jugadores m\u00e1s quince mil almas celebraran sin parar la estrella n\u00famero 14 conseguida por el equipo m\u00e1gico. Del equipo, nada que decir. Un partido redondo, donde se logr\u00f3 lo que se ten\u00eda que lograr, donde [&#8230;]<\/p>\n","protected":false},"author":57,"featured_media":4094,"comment_status":"open","ping_status":"open","sticky":false,"template":"","format":"standard","meta":{"footnotes":""},"categories":[18],"tags":[48,43],"class_list":{"0":"post-2469","1":"post","2":"type-post","3":"status-publish","4":"format-standard","5":"has-post-thumbnail","7":"category-actualidad","8":"tag-apertura-2011","9":"tag-marca-personal"},"_links":{"self":[{"href":"https:\/\/www.rincondelbulla.cl\/portal\/wp-json\/wp\/v2\/posts\/2469","targetHints":{"allow":["GET"]}}],"collection":[{"href":"https:\/\/www.rincondelbulla.cl\/portal\/wp-json\/wp\/v2\/posts"}],"about":[{"href":"https:\/\/www.rincondelbulla.cl\/portal\/wp-json\/wp\/v2\/types\/post"}],"author":[{"embeddable":true,"href":"https:\/\/www.rincondelbulla.cl\/portal\/wp-json\/wp\/v2\/users\/57"}],"replies":[{"embeddable":true,"href":"https:\/\/www.rincondelbulla.cl\/portal\/wp-json\/wp\/v2\/comments?post=2469"}],"version-history":[{"count":0,"href":"https:\/\/www.rincondelbulla.cl\/portal\/wp-json\/wp\/v2\/posts\/2469\/revisions"}],"wp:featuredmedia":[{"embeddable":true,"href":"https:\/\/www.rincondelbulla.cl\/portal\/wp-json\/wp\/v2\/media\/4094"}],"wp:attachment":[{"href":"https:\/\/www.rincondelbulla.cl\/portal\/wp-json\/wp\/v2\/media?parent=2469"}],"wp:term":[{"taxonomy":"category","embeddable":true,"href":"https:\/\/www.rincondelbulla.cl\/portal\/wp-json\/wp\/v2\/categories?post=2469"},{"taxonomy":"post_tag","embeddable":true,"href":"https:\/\/www.rincondelbulla.cl\/portal\/wp-json\/wp\/v2\/tags?post=2469"}],"curies":[{"name":"wp","href":"https:\/\/api.w.org\/{rel}","templated":true}]}}