{"id":2477,"date":"2011-06-15T20:39:57","date_gmt":"2011-06-15T20:39:57","guid":{"rendered":"http:\/\/www.rincondelbulla.cl\/portal\/?p=2477"},"modified":"2011-06-15T20:39:57","modified_gmt":"2011-06-15T20:39:57","slug":"saludamos-al-ganador-de-las-entradas-que-sorteo-rincon-del-bulla-para-la-final-del-apertura","status":"publish","type":"post","link":"https:\/\/www.rincondelbulla.cl\/portal\/2011\/06\/15\/saludamos-al-ganador-de-las-entradas-que-sorteo-rincon-del-bulla-para-la-final-del-apertura\/","title":{"rendered":"Saludamos al ganador de las entradas que sorte\u00f3 Rinc\u00f3n del Bulla para la final del Apertura"},"content":{"rendered":"<figure id=\"attachment_4099\" aria-describedby=\"caption-attachment-4099\" style=\"width: 600px\" class=\"wp-caption alignnone\"><img loading=\"lazy\" decoding=\"async\" class=\" size-full wp-image-4099\" src=\"http:\/\/www.rincondelbulla.cl\/portal\/wp-content\/uploads\/2011\/06\/afcf68fc626c3feda73b3139b995c1e9.jpg\" alt=\"Foto: Claudio C\u00e1ceres\" class=\"caption\" title=\"Felix, el flamante ganador de las entradas que sorte\u00f3 el Rinc\u00f3n del Bulla\" width=\"600\" height=\"437\" srcset=\"https:\/\/www.rincondelbulla.cl\/portal\/wp-content\/uploads\/2011\/06\/afcf68fc626c3feda73b3139b995c1e9.jpg 600w, https:\/\/www.rincondelbulla.cl\/portal\/wp-content\/uploads\/2011\/06\/afcf68fc626c3feda73b3139b995c1e9-300x219.jpg 300w, https:\/\/www.rincondelbulla.cl\/portal\/wp-content\/uploads\/2011\/06\/afcf68fc626c3feda73b3139b995c1e9-324x235.jpg 324w, https:\/\/www.rincondelbulla.cl\/portal\/wp-content\/uploads\/2011\/06\/afcf68fc626c3feda73b3139b995c1e9-577x420.jpg 577w\" sizes=\"auto, (max-width: 600px) 100vw, 600px\" \/><figcaption id=\"caption-attachment-4099\" class=\"wp-caption-text\">Felix, el flamante ganador de las entradas que sorte\u00f3 el Rinc\u00f3n del Bulla<\/figcaption><\/figure>\n<p style=\"text-align: justify;\"><strong>El chico de la foto es el flamante ganador de las dos entradas que sorte\u00f3 el Rinc\u00f3n del Bulla el pasado d\u00eda s\u00e1bado,&nbsp; para asistir a la gran final que consagr\u00f3 a Universidad de Chile como Campe\u00f3n del Torneo de Apertura 2011. <\/strong><\/p>\n<p>  <!--more-->  <\/p>\n<p><strong> <\/strong>Su nombre es Felix y tiene 19 a\u00f1os. Proviene de Puerto Montt, pero vive en Valdivia, ciudad a la que se traslad\u00f3 hace dos a\u00f1os para estudiar Medicina Veterinaria en la Universidad Austral.<\/p>\n<p>\u00c9l, como tantos otros seguidores del \u2018Rom\u00e1ntico Viajero\u2019, siempre crey\u00f3 en el juego del equipo e hizo lo imposible por ver la final de vuelta ante la UC, pero lamentablemente la gran distancia que lo separa de la capital le impidi\u00f3 conseguir entradas.<\/p>\n<p style=\"text-align: justify;\">Es por eso que apenas fue contactado por nuestra producci\u00f3n, tom\u00f3 su camiseta, corri\u00f3 hasta el terminal de buses de Valdivia y emprendi\u00f3 rumbo hacia Santiago. Fueron diez horas de viaje en que apenas pudo conciliar el sue\u00f1o. Pero vali\u00f3 la pena, porque el domingo en la noche regres\u00f3 a casa sin voz y con la mayor felicidad de su vida: el \u2018Bulla\u2019 campe\u00f3n.<\/p>\n<p style=\"text-align: justify;\">\u201cCuando me llamaron para decirme que era el ganador fue una emoci\u00f3n tremenda, porque yo ten\u00eda la ilusi\u00f3n de venir, pero mi amigo que vive en Santiago no me pudo conseguir la entrada. As\u00ed que part\u00ed corriendo al terminal a comprar los pasajes y me vine con fe\u201d, declar\u00f3 a los micr\u00f3fonos del Rinc\u00f3n del Bulla.<\/p>\n<p>As\u00ed como saludamos al ganador, tambi\u00e9n queremos agradecer a todos quienes participaron en este sorteo.<\/p>\n<p style=\"text-align: justify;\">\u00a1Enhorabuena camarada Felix!<\/p>\n<p style=\"text-align: justify;\">&nbsp;<\/p>\n","protected":false},"excerpt":{"rendered":"<p>El chico de la foto es el flamante ganador de las dos entradas que sorte\u00f3 el Rinc\u00f3n del Bulla el pasado d\u00eda s\u00e1bado,&nbsp; para asistir a la gran final que consagr\u00f3 a Universidad de Chile como Campe\u00f3n del Torneo de Apertura 2011.<\/p>\n","protected":false},"author":55,"featured_media":4099,"comment_status":"open","ping_status":"open","sticky":false,"template":"","format":"standard","meta":{"footnotes":""},"categories":[18],"tags":[454,48,66],"class_list":{"0":"post-2477","1":"post","2":"type-post","3":"status-publish","4":"format-standard","5":"has-post-thumbnail","7":"category-actualidad","8":"tag-actualidad","9":"tag-apertura-2011","10":"tag-concursos"},"_links":{"self":[{"href":"https:\/\/www.rincondelbulla.cl\/portal\/wp-json\/wp\/v2\/posts\/2477","targetHints":{"allow":["GET"]}}],"collection":[{"href":"https:\/\/www.rincondelbulla.cl\/portal\/wp-json\/wp\/v2\/posts"}],"about":[{"href":"https:\/\/www.rincondelbulla.cl\/portal\/wp-json\/wp\/v2\/types\/post"}],"author":[{"embeddable":true,"href":"https:\/\/www.rincondelbulla.cl\/portal\/wp-json\/wp\/v2\/users\/55"}],"replies":[{"embeddable":true,"href":"https:\/\/www.rincondelbulla.cl\/portal\/wp-json\/wp\/v2\/comments?post=2477"}],"version-history":[{"count":0,"href":"https:\/\/www.rincondelbulla.cl\/portal\/wp-json\/wp\/v2\/posts\/2477\/revisions"}],"wp:featuredmedia":[{"embeddable":true,"href":"https:\/\/www.rincondelbulla.cl\/portal\/wp-json\/wp\/v2\/media\/4099"}],"wp:attachment":[{"href":"https:\/\/www.rincondelbulla.cl\/portal\/wp-json\/wp\/v2\/media?parent=2477"}],"wp:term":[{"taxonomy":"category","embeddable":true,"href":"https:\/\/www.rincondelbulla.cl\/portal\/wp-json\/wp\/v2\/categories?post=2477"},{"taxonomy":"post_tag","embeddable":true,"href":"https:\/\/www.rincondelbulla.cl\/portal\/wp-json\/wp\/v2\/tags?post=2477"}],"curies":[{"name":"wp","href":"https:\/\/api.w.org\/{rel}","templated":true}]}}