{"id":2532,"date":"2011-08-08T21:11:14","date_gmt":"2011-08-08T21:11:14","guid":{"rendered":"http:\/\/www.rincondelbulla.cl\/portal\/?p=2532"},"modified":"2011-08-08T21:11:14","modified_gmt":"2011-08-08T21:11:14","slug":"azul-azul-confirmo-encuentro-ante-fenix-pese-a-movilizaciones","status":"publish","type":"post","link":"https:\/\/www.rincondelbulla.cl\/portal\/2011\/08\/08\/azul-azul-confirmo-encuentro-ante-fenix-pese-a-movilizaciones\/","title":{"rendered":"Azul Azul confirm\u00f3 encuentro ante F\u00e9nix pese a movilizaciones"},"content":{"rendered":"<figure id=\"attachment_4150\" aria-describedby=\"caption-attachment-4150\" style=\"width: 600px\" class=\"wp-caption alignnone\"><img loading=\"lazy\" decoding=\"async\" class=\" size-full wp-image-4150\" src=\"http:\/\/www.rincondelbulla.cl\/portal\/wp-content\/uploads\/2011\/08\/ac2e849b4a428fbab1a3915044f21521.jpg\" alt=\"\" class=\"caption\" title=\"Jos\u00e9 Yuraszeck confirm\u00f3 la noticia.\" width=\"600\" height=\"340\" srcset=\"https:\/\/www.rincondelbulla.cl\/portal\/wp-content\/uploads\/2011\/08\/ac2e849b4a428fbab1a3915044f21521.jpg 600w, https:\/\/www.rincondelbulla.cl\/portal\/wp-content\/uploads\/2011\/08\/ac2e849b4a428fbab1a3915044f21521-300x170.jpg 300w\" sizes=\"auto, (max-width: 600px) 100vw, 600px\" \/><figcaption id=\"caption-attachment-4150\" class=\"wp-caption-text\">Jos\u00e9 Yuraszeck confirm\u00f3 la noticia.<\/figcaption><\/figure>\n<p><strong>Los rumores sobre una posible suspensi\u00f3n del encuentro de ida ante F\u00e9nix de Uruguay, v\u00e1lido por la primera fase de la Copa Sudamericana, debido al paro nacional convocado para ma\u00f1ana fueron acallados por parte de Azul Azul.<\/strong>  <!--more-->  Seg\u00fan se\u00f1al\u00f3 el presidente de la comisi\u00f3n de f\u00fatbol de la concesionaria, Jos\u00e9 Yuraszeck, el juego se disputar\u00e1 a la hora se\u00f1alada (21:00 Hrs.) a pesar de la supuesta falta de contingente de Carabineros para supervisar la seguridad en el Estadio Nacional.<\/p>\n<p>\u201cConversamos con Carabineros y la Intendencia, donde nos dijeron que el partido se juega. Las manifestaciones ser\u00edan durante la ma\u00f1ana por lo que creemos que a la hora del juego deber\u00eda estar todo en calma\u201d, dijo el directivo a www.terra.cl.<\/p>\n<p>Cabe recordar que hoy comenz\u00f3 la venta de entradas para la cita internacional y los precios de los boletos son los siguientes:<\/p>\n<p>Tribuna Marquesina. $15.000.-<br \/>Andes: $8.000.- ($6.000 con preventa)<br \/>Galer\u00eda Sur: $5.000.- ($4.000 con preventa)<br \/>Galer\u00eda Norte (en 2X1): $5.000<br \/>Galer\u00eda Socio \/ Empadronado \u201cU\u201d: $3.000.-<br \/>Galer\u00eda Ni\u00f1os (de 4 a 12 a\u00f1os): $3.000.- (v\u00e1lido para Galer\u00edas y Andes)<\/p>\n","protected":false},"excerpt":{"rendered":"<p>Los rumores sobre una posible suspensi\u00f3n del encuentro de ida ante F\u00e9nix de Uruguay, v\u00e1lido por la primera fase de la Copa Sudamericana, debido al paro nacional convocado para ma\u00f1ana fueron acallados por parte de Azul Azul.<\/p>\n","protected":false},"author":50,"featured_media":4150,"comment_status":"open","ping_status":"open","sticky":false,"template":"","format":"standard","meta":{"footnotes":""},"categories":[18],"tags":[],"class_list":{"0":"post-2532","1":"post","2":"type-post","3":"status-publish","4":"format-standard","5":"has-post-thumbnail","7":"category-actualidad"},"_links":{"self":[{"href":"https:\/\/www.rincondelbulla.cl\/portal\/wp-json\/wp\/v2\/posts\/2532","targetHints":{"allow":["GET"]}}],"collection":[{"href":"https:\/\/www.rincondelbulla.cl\/portal\/wp-json\/wp\/v2\/posts"}],"about":[{"href":"https:\/\/www.rincondelbulla.cl\/portal\/wp-json\/wp\/v2\/types\/post"}],"author":[{"embeddable":true,"href":"https:\/\/www.rincondelbulla.cl\/portal\/wp-json\/wp\/v2\/users\/50"}],"replies":[{"embeddable":true,"href":"https:\/\/www.rincondelbulla.cl\/portal\/wp-json\/wp\/v2\/comments?post=2532"}],"version-history":[{"count":0,"href":"https:\/\/www.rincondelbulla.cl\/portal\/wp-json\/wp\/v2\/posts\/2532\/revisions"}],"wp:featuredmedia":[{"embeddable":true,"href":"https:\/\/www.rincondelbulla.cl\/portal\/wp-json\/wp\/v2\/media\/4150"}],"wp:attachment":[{"href":"https:\/\/www.rincondelbulla.cl\/portal\/wp-json\/wp\/v2\/media?parent=2532"}],"wp:term":[{"taxonomy":"category","embeddable":true,"href":"https:\/\/www.rincondelbulla.cl\/portal\/wp-json\/wp\/v2\/categories?post=2532"},{"taxonomy":"post_tag","embeddable":true,"href":"https:\/\/www.rincondelbulla.cl\/portal\/wp-json\/wp\/v2\/tags?post=2532"}],"curies":[{"name":"wp","href":"https:\/\/api.w.org\/{rel}","templated":true}]}}