{"id":2619,"date":"2011-10-02T04:16:20","date_gmt":"2011-10-02T04:16:20","guid":{"rendered":"http:\/\/www.rincondelbulla.cl\/portal\/?p=2619"},"modified":"2011-10-02T04:16:20","modified_gmt":"2011-10-02T04:16:20","slug":"rojas-que-estos-errores-no-se-vuelvan-a-cometer","status":"publish","type":"post","link":"https:\/\/www.rincondelbulla.cl\/portal\/2011\/10\/02\/rojas-que-estos-errores-no-se-vuelvan-a-cometer\/","title":{"rendered":"Rojas: \u201cQue estos errores no se vuelvan a cometer\u201d"},"content":{"rendered":"<figure id=\"attachment_4235\" aria-describedby=\"caption-attachment-4235\" style=\"width: 600px\" class=\"wp-caption alignnone\"><img loading=\"lazy\" decoding=\"async\" class=\" size-full wp-image-4235\" src=\"http:\/\/www.rincondelbulla.cl\/portal\/wp-content\/uploads\/2011\/10\/16859c712258acd4f48115f1fd7e0a10.jpg\" alt=\"Claudio C\u00e1ceres\" class=\"caption\" title=\"El lateral descart\u00f3 tajantemente que haya incertidumbre en el plantel por los \u00faltimos resultados\" width=\"600\" height=\"340\" srcset=\"https:\/\/www.rincondelbulla.cl\/portal\/wp-content\/uploads\/2011\/10\/16859c712258acd4f48115f1fd7e0a10.jpg 600w, https:\/\/www.rincondelbulla.cl\/portal\/wp-content\/uploads\/2011\/10\/16859c712258acd4f48115f1fd7e0a10-300x170.jpg 300w\" sizes=\"auto, (max-width: 600px) 100vw, 600px\" \/><figcaption id=\"caption-attachment-4235\" class=\"wp-caption-text\">El lateral descart\u00f3 tajantemente que haya incertidumbre en el plantel por los \u00faltimos resultados<\/figcaption><\/figure>\n<p><strong>El capit\u00e1n azul fue cr\u00edtico de la labor realizada ante Iquique, donde el equipo \u201cmostr\u00f3 algunas fallas que no ven\u00eda mostrando\u201d. De todas maneras, hizo un llamado a \u201cno dramatizar\u201d por las dos igualdades consecutivas.<\/strong><\/p>\n<p>  <!--more-->  <\/p>\n<p><strong> <\/strong><\/p>\n<p>Al igual que la mayor\u00eda de sus compa\u00f1eros, Jos\u00e9 Rojas no se fue contento del camar\u00edn local del Estadio Nacional. C\u00f3mo no estarlo si se empata un encuentro que, a cinco minutos del pitazo final, estaba pr\u00e1cticamente en el bolsillo\u2026<\/p>\n<p>\u201cPep\u00e9\u201d se\u00f1al\u00f3 que el plantel preve\u00eda que situaciones como la actual, con un alto desgaste f\u00edsico, redundar\u00edan en los resultados:\u00a0\u201cSabemos que estos momentos iban a venir. Ahora viene una semana en que hay que trabajar y recuperarse. Fue un partido que se ten\u00eda ganado\u2026 y nada, que estos errores no se vuelvan a cometer\u201d.<\/p>\n<p>A esto, agreg\u00f3 que no hay encender el bot\u00f3n de alarma a\u00fan por los dos encuentros sin victorias: \u201cPor dos partidos no hay que dramatizar tampoco. Ante Wanderers siempre mostramos superioridad y hoy no se hizo del todo bien como se ven\u00eda mostrando\u201d.<\/p>\n<p>Adem\u00e1s, lament\u00f3 la falta de finiquito en el \u00e1rea rival y las desconcentraciones en la parte posterior del terreno.<\/p>\n<p>\u201cEl equipo mostr\u00f3 algunas fallas que no ven\u00eda mostrando y ellos (Iquique) lo aprovecharon de muy buena manera\u201d, remat\u00f3 el defensa.<\/p>\n<p>Rojas finaliz\u00f3 celebrando la llegada de las Eliminatorias para Brasil 2014, lo que significa una semana de descanso para el torneo local, que servir\u00e1 al actual campe\u00f3n para recargar bater\u00edas y recuperar a jugadores lastimados.<\/p>\n<p>\u201cEsta semanita nos viene bien para recuperarnos f\u00edsicamente y a los que est\u00e1n lesionados, y despu\u00e9s del receso empezar el nuevo proceso\u201d, concluy\u00f3.<\/p>\n<p>{mp3}rojasvsiquique{\/mp3}<\/p>\n<p>\u00a0<\/p>\n","protected":false},"excerpt":{"rendered":"<p>El capit\u00e1n azul fue cr\u00edtico de la labor realizada ante Iquique, donde el equipo \u201cmostr\u00f3 algunas fallas que no ven\u00eda mostrando\u201d. De todas maneras, hizo un llamado a \u201cno dramatizar\u201d por las dos igualdades consecutivas.<\/p>\n","protected":false},"author":50,"featured_media":4235,"comment_status":"open","ping_status":"open","sticky":false,"template":"","format":"standard","meta":{"footnotes":""},"categories":[18],"tags":[],"class_list":{"0":"post-2619","1":"post","2":"type-post","3":"status-publish","4":"format-standard","5":"has-post-thumbnail","7":"category-actualidad"},"_links":{"self":[{"href":"https:\/\/www.rincondelbulla.cl\/portal\/wp-json\/wp\/v2\/posts\/2619","targetHints":{"allow":["GET"]}}],"collection":[{"href":"https:\/\/www.rincondelbulla.cl\/portal\/wp-json\/wp\/v2\/posts"}],"about":[{"href":"https:\/\/www.rincondelbulla.cl\/portal\/wp-json\/wp\/v2\/types\/post"}],"author":[{"embeddable":true,"href":"https:\/\/www.rincondelbulla.cl\/portal\/wp-json\/wp\/v2\/users\/50"}],"replies":[{"embeddable":true,"href":"https:\/\/www.rincondelbulla.cl\/portal\/wp-json\/wp\/v2\/comments?post=2619"}],"version-history":[{"count":0,"href":"https:\/\/www.rincondelbulla.cl\/portal\/wp-json\/wp\/v2\/posts\/2619\/revisions"}],"wp:featuredmedia":[{"embeddable":true,"href":"https:\/\/www.rincondelbulla.cl\/portal\/wp-json\/wp\/v2\/media\/4235"}],"wp:attachment":[{"href":"https:\/\/www.rincondelbulla.cl\/portal\/wp-json\/wp\/v2\/media?parent=2619"}],"wp:term":[{"taxonomy":"category","embeddable":true,"href":"https:\/\/www.rincondelbulla.cl\/portal\/wp-json\/wp\/v2\/categories?post=2619"},{"taxonomy":"post_tag","embeddable":true,"href":"https:\/\/www.rincondelbulla.cl\/portal\/wp-json\/wp\/v2\/tags?post=2619"}],"curies":[{"name":"wp","href":"https:\/\/api.w.org\/{rel}","templated":true}]}}