{"id":2637,"date":"2011-10-26T00:02:52","date_gmt":"2011-10-26T00:02:52","guid":{"rendered":"http:\/\/www.rincondelbulla.cl\/portal\/?p=2637"},"modified":"2011-10-26T00:02:52","modified_gmt":"2011-10-26T00:02:52","slug":"la-previa-la-u-sale-a-abrochar-la-llave-ante-flamengo-con-el-superclasico-en-el-horizonte","status":"publish","type":"post","link":"https:\/\/www.rincondelbulla.cl\/portal\/2011\/10\/26\/la-previa-la-u-sale-a-abrochar-la-llave-ante-flamengo-con-el-superclasico-en-el-horizonte\/","title":{"rendered":"La previa: la \u201cU\u201d sale a abrochar la llave ante Flamengo con el Supercl\u00e1sico en el horizonte"},"content":{"rendered":"<figure id=\"attachment_4253\" aria-describedby=\"caption-attachment-4253\" style=\"width: 600px\" class=\"wp-caption alignnone\"><img loading=\"lazy\" decoding=\"async\" class=\" size-full wp-image-4253\" src=\"http:\/\/www.rincondelbulla.cl\/portal\/wp-content\/uploads\/2011\/10\/87a72099ffdf58f8548c1fad1f88bfe5.jpg\" alt=\"Photosport\" class=\"caption\" title=\"Los azules quieren seguir abraz\u00e1ndose a la ilusi\u00f3n de su primer t\u00edtulo internacional\" width=\"600\" height=\"340\" srcset=\"https:\/\/www.rincondelbulla.cl\/portal\/wp-content\/uploads\/2011\/10\/87a72099ffdf58f8548c1fad1f88bfe5.jpg 600w, https:\/\/www.rincondelbulla.cl\/portal\/wp-content\/uploads\/2011\/10\/87a72099ffdf58f8548c1fad1f88bfe5-300x170.jpg 300w\" sizes=\"auto, (max-width: 600px) 100vw, 600px\" \/><figcaption id=\"caption-attachment-4253\" class=\"wp-caption-text\">Los azules quieren seguir abraz\u00e1ndose a la ilusi\u00f3n de su primer t\u00edtulo internacional<\/figcaption><\/figure>\n<p><strong>Con formaci\u00f3n estelar, el Le\u00f3n busca liquidar al \u201cMengao\u201d, avanzar de ronda e igualar su mejor actuaci\u00f3n hist\u00f3rica en el certamen, tras alcanzar los cuartos de final en 2009. Asimismo, los dirigidos por Jorge Sampaoli tendr\u00e1n la mente puesta en el encuentro del domingo en el Monumental, reducto en el cual no triunfa hace m\u00e1s de diez a\u00f1os.<\/strong><\/p>\n<p>  <!--more-->  <\/p>\n<p>La semana m\u00e1s importante del semestre est\u00e1 aqu\u00ed. La \u201cU\u201d, en menos de siete d\u00edas, afronta los -por ahora- dos encuentros m\u00e1s trascendentales de la segunda mitad del a\u00f1o: el juego de vuelta ante Flamengo por los octavos de final de la Sudamericana y el Supercl\u00e1sico del f\u00fatbol criollo ante Colo Colo en Pedrero el domingo (17:00 Hrs.).<\/p>\n<p>El \u201cRom\u00e1ntico Viajero\u201d afronta ambos desaf\u00edos en un momento casi ut\u00f3pico: como campe\u00f3n vigente y l\u00edder invicto del certamen dom\u00e9stico, aunque haya empatado tres de los \u00faltimos cuatro partidos, lo que da se\u00f1ales de que se ha sacado el pie del acelerador en el Clausura y la dosificaci\u00f3n comenzar\u00eda pronto de cara a Playoffs.<\/p>\n<p>En tanto, en el plano internacional la goleada conseguida en el juego de ida le da la tranquilidad y el favoritismo al cuadro de Jorge Sampaoli para enfrentar la revancha ante el \u201cMengao\u201d. Asimismo, el 4-0 obtenido en R\u00edo de Janeiro puso al Chuncho en boca de todos los analistas futbol\u00edsticos del continente, de los cuales muchos dan como firme candidato al Le\u00f3n para obtener el segundo trofeo en importancia del continente, junto a la Liga de Quito, V\u00e9lez Sarsfield y San Pablo.<\/p>\n<p>A pesar de lo relajado del panorama, Sampaoli dispondr\u00e1 de su mejor personal para liquidar la serie ante los brasile\u00f1os y esperar a Arsenal de Argentina en la fase de los ocho mejores de Sudam\u00e9rica.<\/p>\n<p>La \u00fanica baja del actual campe\u00f3n del f\u00fatbol chileno es Francisco Castro, expulsado en el juego de ida por una supuesta agresi\u00f3n. Felipe Gallegos -quien viene de anotar ante Palestino el fin de semana- reemplazar\u00e1 al ex Cobreloa en el ataque estudiantil.<\/p>\n<p><strong>La \u201cU\u201d saltar\u00e1 a los pastos del Nacional con Johnny Herrera en porter\u00eda; Mat\u00edas Rodr\u00edguez, Osvaldo y Marcos Gonz\u00e1lez, y Jos\u00e9 Rojas en defensa; Charles Ar\u00e1nguiz, Marcelo D\u00edaz, y Eugenio Mena en medioterreno; Gustavo Lorenzetti, Eduardo Vargas y Felipe Gallegos en ofensiva.<\/strong><\/p>\n<p>En contraparte, el rubronegro pisar\u00e1 tierras chilenas con apenas dos titulares habituales -Williams y Leo Moura- y 15 jugadores en su planilla, se\u00f1al de que la llave se da por perdida en las huestes cariocas. Incluso, ver\u00e1n acci\u00f3n dos elementos que en contadas oportunidades salen del banquillo: los chilenos Gonzalo Fierro y Claudio Maldonado, ambos ex Colo Colo.<\/p>\n<p>\u201cO mais querido do Brasil\u201d formar\u00e1 con Paulo V\u00edctor en el p\u00f3rtico; Leo Moura, Ronaldo Angelim, Gustavo y Galhardo en defensa; Claudio Maldonado, Williams, Gonzalo Fierro y V\u00e1nder en mediocampo; Negueba y Diego Mauricio en ataque.<\/p>\n<p>La pelota rodar\u00e1 a partir de las 20:50 Hrs. en el Estadio Nacional. El encargado de impartir justicia ser\u00e1 el paraguayo Carlos Amarilla.<\/p>\n<p><strong>Se espera un lleno total en el principal recinto deportivo del pa\u00eds, dado que las entradas est\u00e1n agotadas. Los \u00fanicos boletos disponibles son los reservados para socios Tarjeta Azul, empadronados y ni\u00f1os, los cuales se podr\u00e1n adquirir entre las 10:00 y 18:00 Hrs. en las boleter\u00edas del recinto.<\/strong><\/p>\n<p>\u00a0<\/p>\n","protected":false},"excerpt":{"rendered":"<p>Con formaci\u00f3n estelar, el Le\u00f3n busca liquidar al \u201cMengao\u201d, avanzar de ronda e igualar su mejor actuaci\u00f3n hist\u00f3rica en el certamen, tras alcanzar los cuartos de final en 2009. Asimismo, los dirigidos por Jorge Sampaoli tendr\u00e1n la mente puesta en el encuentro del domingo en el Monumental, reducto en el cual no triunfa hace m\u00e1s [&#8230;]<\/p>\n","protected":false},"author":50,"featured_media":4253,"comment_status":"open","ping_status":"open","sticky":false,"template":"","format":"standard","meta":{"footnotes":""},"categories":[18],"tags":[],"class_list":{"0":"post-2637","1":"post","2":"type-post","3":"status-publish","4":"format-standard","5":"has-post-thumbnail","7":"category-actualidad"},"_links":{"self":[{"href":"https:\/\/www.rincondelbulla.cl\/portal\/wp-json\/wp\/v2\/posts\/2637","targetHints":{"allow":["GET"]}}],"collection":[{"href":"https:\/\/www.rincondelbulla.cl\/portal\/wp-json\/wp\/v2\/posts"}],"about":[{"href":"https:\/\/www.rincondelbulla.cl\/portal\/wp-json\/wp\/v2\/types\/post"}],"author":[{"embeddable":true,"href":"https:\/\/www.rincondelbulla.cl\/portal\/wp-json\/wp\/v2\/users\/50"}],"replies":[{"embeddable":true,"href":"https:\/\/www.rincondelbulla.cl\/portal\/wp-json\/wp\/v2\/comments?post=2637"}],"version-history":[{"count":0,"href":"https:\/\/www.rincondelbulla.cl\/portal\/wp-json\/wp\/v2\/posts\/2637\/revisions"}],"wp:featuredmedia":[{"embeddable":true,"href":"https:\/\/www.rincondelbulla.cl\/portal\/wp-json\/wp\/v2\/media\/4253"}],"wp:attachment":[{"href":"https:\/\/www.rincondelbulla.cl\/portal\/wp-json\/wp\/v2\/media?parent=2637"}],"wp:term":[{"taxonomy":"category","embeddable":true,"href":"https:\/\/www.rincondelbulla.cl\/portal\/wp-json\/wp\/v2\/categories?post=2637"},{"taxonomy":"post_tag","embeddable":true,"href":"https:\/\/www.rincondelbulla.cl\/portal\/wp-json\/wp\/v2\/tags?post=2637"}],"curies":[{"name":"wp","href":"https:\/\/api.w.org\/{rel}","templated":true}]}}