{"id":2645,"date":"2011-10-31T00:29:03","date_gmt":"2011-10-31T00:29:03","guid":{"rendered":"http:\/\/www.rincondelbulla.cl\/portal\/?p=2645"},"modified":"2011-10-31T00:29:03","modified_gmt":"2011-10-31T00:29:03","slug":"marca-personal-colo-colo-vs-universidad-de-chile-2","status":"publish","type":"post","link":"https:\/\/www.rincondelbulla.cl\/portal\/2011\/10\/31\/marca-personal-colo-colo-vs-universidad-de-chile-2\/","title":{"rendered":"Marca personal: Colo Colo vs. Universidad de Chile"},"content":{"rendered":"<p><figure id=\"attachment_4261\" aria-describedby=\"caption-attachment-4261\" style=\"width: 600px\" class=\"wp-caption alignnone\"><img loading=\"lazy\" decoding=\"async\" class=\" size-full wp-image-4261\" src=\"http:\/\/www.rincondelbulla.cl\/portal\/wp-content\/uploads\/2011\/10\/256f1d28767893094218dbbe12498f63.jpg\" alt=\"Patricio Gonz\u00e1lez\" class=\"caption\" title=\"Marcelo D\u00edaz contin\u00faa justificando su nominaci\u00f3n a la Selecci\u00f3n chilena para los duelos ante Paraguay y Uruguay por Eliminatorias\" width=\"600\" height=\"340\" srcset=\"https:\/\/www.rincondelbulla.cl\/portal\/wp-content\/uploads\/2011\/10\/256f1d28767893094218dbbe12498f63.jpg 600w, https:\/\/www.rincondelbulla.cl\/portal\/wp-content\/uploads\/2011\/10\/256f1d28767893094218dbbe12498f63-300x170.jpg 300w\" sizes=\"auto, (max-width: 600px) 100vw, 600px\" \/><figcaption id=\"caption-attachment-4261\" class=\"wp-caption-text\">Marcelo D\u00edaz contin\u00faa justificando su nominaci\u00f3n a la Selecci\u00f3n chilena para los duelos ante Paraguay y Uruguay por Eliminatorias<\/figcaption><\/figure><!--[if gte mso 9]><xml> <w:WordDocument> <w:View>Normal<\/w:View> <w:Zoom>0<\/w:Zoom> <w:HyphenationZone>21<\/w:HyphenationZone> <w:PunctuationKerning \/> <w:ValidateAgainstSchemas \/> <w:SaveIfXMLInvalid>false<\/w:SaveIfXMLInvalid> <w:IgnoreMixedContent>false<\/w:IgnoreMixedContent> <w:AlwaysShowPlaceholderText>false<\/w:AlwaysShowPlaceholderText> <w:Compatibility> <w:BreakWrappedTables \/> <w:SnapToGridInCell \/> <w:WrapTextWithPunct \/> <w:UseAsianBreakRules \/> <w:DontGrowAutofit \/> <\/w:Compatibility> <w:BrowserLevel>MicrosoftInternetExplorer4<\/w:BrowserLevel> <\/w:WordDocument> <\/xml><![endif]--><!--[if gte mso 9]><xml> <w:LatentStyles DefLockedState=\"false\" LatentStyleCount=\"156\"> <\/w:LatentStyles> <\/xml><![endif]--><!--[if gte mso 10]> <mce:style><!   \/* Style Definitions *\/  table.MsoNormalTable \t{mso-style-name:\"Tabla normal\"; \tmso-tstyle-rowband-size:0; \tmso-tstyle-colband-size:0; \tmso-style-noshow:yes; \tmso-style-parent:\"\"; \tmso-padding-alt:0cm 5.4pt 0cm 5.4pt; \tmso-para-margin:0cm; \tmso-para-margin-bottom:.0001pt; \tmso-pagination:widow-orphan; \tfont-size:10.0pt; \tfont-family:\"Times New Roman\"; \tmso-ansi-language:#0400; \tmso-fareast-language:#0400; \tmso-bidi-language:#0400;} --> <!--[endif] --> <\/p>\n<p class=\"MsoNormal\"><strong style=\"mso-bidi-font-weight:normal\">En un partido incre\u00edble y con un autogol en el \u00faltimo suspiro, la \u201cU\u201d igual\u00f3 a dos tantos con Colo Colo y mantuvo el invicto y la distancia con su m\u00e1s cercano perseguidor en el Clausura, aunque no pudo romper la racha de diez a\u00f1os sin triunfos en Pedrero. Marcelo D\u00edaz fue la figura de un elenco que, ante la inferioridad num\u00e9rica, puso m\u00e1s garra y coraz\u00f3n que juego y racionalidad en los pastos del Monumental.  <!--more-->  <\/strong><\/p>\n<p>Dicen que los cl\u00e1sicos son encuentros aparte, donde los presentes de cada uno de los equipos quedan de lado y en la cancha se da un encuentro aparte, como en un universo paralelo donde la tabla de posiciones y la historia reciente no existen. Son s\u00f3lo archirrival vs. archirrival.<\/p>\n<p>Y as\u00ed fue como se dio este Supercl\u00e1sico del f\u00fatbol chileno, donde la \u201cU\u201d rescat\u00f3 un ag\u00f3nico empate con nueve jugadores y mantuvo su invicto en el Torneo de Clausura, en un encuentro marcado por la pol\u00e9mica actuaci\u00f3n del juez Claudio Puga.<\/p>\n<p>La figura del Chuncho fue Marcelo D\u00edaz. \u201cCara de Pato\u201d fue escoltado por elementos como Marcos Gonz\u00e1lez y Johnny Herrera, dado que las hasta el minuto figuras del choque, Osvaldo Gonz\u00e1lez y Charles Ar\u00e1nguiz, abandonaron el terreno antes de finalizar el primer lapso por expulsiones. <strong>Esta es la marca personal de Colo Colo vs. Universidad de Chile.<br \/><\/strong><br \/><strong>Johnny Herrera<\/strong>: como siempre, \u201cSuper Boy\u201d tuvo un cometido destacado. A pesar de que en la primera mitad no tuvo mucho trabajo, se las ingeni\u00f3 para contener de manera brillante un tiro libre de Marco Medel. No pudo hacer mucho en el penal de Paredes. En la segunda fracci\u00f3n, tuvo responsabilidad en el 2-1 a favor de los albos tras salir a cortar de forma inexperta un centro, aunque luego sac\u00f3 un gol casi hecho al ex Santiago Morning que casi le cuesta salir del campo. Se dedic\u00f3 a hacer mucho tiempo. <strong>6.<\/strong> <\/p>\n<p><strong>Osvaldo Gonz\u00e1lez<\/strong>: impasable tanto por aire como tierra, \u201cRocky\u201d era la figura del encuentro hasta su expulsi\u00f3n. Elegante y seguro en la salida, el otrora U penquista fue responsable, junto a Marcos Gonz\u00e1lez y Jos\u00e9 Rojas, de neutralizar el juego ofensivo de Colo Colo. La imprudencia con la que cort\u00f3 el centro que le cost\u00f3 la segunda amarilla disminuy\u00f3 considerablemente su nota. <strong>4<\/strong>.<\/p>\n<p><strong>Marcos Gonz\u00e1lez<\/strong>: \u201cLobo del aire\u201d fue solvente en el juego a\u00e9reo y terrestre, aunque se le vio lento en ocasiones, en especial cuando era desbordado durante la segunda mitad, cuando la fatiga se apoderaba de la retaguardia laica. Aport\u00f3 calma y experiencia ante los m\u00e1s duros embates colocolinos. A los 31 a\u00f1os, justifica su nominaci\u00f3n a la Selecci\u00f3n nacional. <strong>5,5<\/strong>.<\/p>\n<p><strong>Jos\u00e9 Rojas<\/strong>: gran partido del capit\u00e1n laico. Demostr\u00f3 que la experiencia y los Supercl\u00e1sicos que tiene en el cuerpo hacen que su actuar sea correcto, mas no brillante. Seguro en el juego a\u00e9reo, tambi\u00e9n estuvo r\u00e1pido en el anticipo y a la hora de cortar juego. Neutraliz\u00f3 a Paredes y a Guti\u00e9rrez por momentos. Su ausencia en la Selecci\u00f3n no se justifica en relaci\u00f3n a lo que demuestra partido tras partido. <strong>6<\/strong>.<\/p>\n<p><strong>Charles Ar\u00e1nguiz<\/strong>: amo y se\u00f1or del mediocampo azul junto a Marcelo D\u00edaz. En sociedad con \u201cCara de Pato\u201d y Lorenzetti formaron un tridente dif\u00edcil de pasar en defensa y responsable en la administraci\u00f3n del bal\u00f3n en ataque. Pate\u00f3 de manera impecable el penal al palo derecho de Castillo. Al igual que Osvaldo Gonz\u00e1lez, su vehemencia le cost\u00f3 irse a las duchas antes de tiempo y una merma en su nota final. <strong>4<\/strong>. <\/p>\n<p><strong>Marcelo D\u00edaz<\/strong>: el m\u00e1s destacado de los visitantes. Brind\u00f3 tranquilidad y jerarqu\u00eda en los momentos m\u00e1s dif\u00edciles del Chuncho durante la segunda etapa, cuando las ideas escaseaban y el bal\u00f3n quemaba en los pies. Corri\u00f3 hasta m\u00e1s no poder y se mostr\u00f3 r\u00e1pido en las coberturas, ayudando a los compa\u00f1eros rezagados y haciendo alarde de su capacidad de anticipaci\u00f3n. Una semana redonda para el 21 azul. <strong>6,5<\/strong>.<\/p>\n<p><strong>Eugenio Mena<\/strong>: partido at\u00edpico para \u201cKeno\u201d. En la primera fracci\u00f3n se dedic\u00f3 m\u00e1s a contener los desbordes de Jos\u00e9 Pedro Fuenzalida -labor que realiz\u00f3 de gran manera- que a buscar el arco rival. En la segunda etapa, colabor\u00f3 m\u00e1s en ataque y tuvo un despliegue f\u00edsico importante, aunque varios de los ataques colocolinos vinieron por su banda. A\u00fan no alcanza su peak de rendimiento. <strong>5,5<\/strong>.<\/p>\n<p><strong>Guillermo Marino<\/strong>: jug\u00f3 como sabe: toque r\u00e1pido y f\u00e1cil para generar dinamismo y v\u00e9rtigo en el ataque. A pesar de que se le vio lento y falto de ritmo, se combin\u00f3 bien con sus compa\u00f1eros de ataque. Debi\u00f3 salir tras la expulsi\u00f3n de Ar\u00e1nguiz. <strong>5<\/strong>.<\/p>\n<p><strong>Eduardo Vargas<\/strong>: encuentro ingrato para el mejor jugador del f\u00fatbol chileno. A pesar de que cre\u00f3 el penal que abri\u00f3 la cuenta a favor de los estudiantiles, le cost\u00f3 mucho generar juego y desequilibrio por las bandas, como es su t\u00f3nica. Al recibir se encontraba r\u00e1pidamente marcado por dos o tres jugadores, aunque su mera presencia era sin\u00f3nimo de peligro en la defensa rival y arrastre de marcas que abr\u00edan espacios para compa\u00f1eros. <strong>5,5<\/strong>.<\/p>\n<p><strong>Gustavo Lorenzetti<\/strong>: tal como lo hac\u00eda en su momento Walter Montillo, Lorenzetti le imprimi\u00f3 un ritmo distinto al juego del Le\u00f3n. R\u00e1pido y explosivo, produjo la amonestaci\u00f3n de Lucas Wilchez y super\u00f3 en reiteradas ocasiones a Nelson Cabrera en velocidad. Se le extra\u00f1\u00f3 en la segunda fracci\u00f3n. <strong>5,5<\/strong>.<\/p>\n<p><strong>Francisco Castro<\/strong>: al igual que Mena, su funci\u00f3n en los primeros 45 minutos fue m\u00e1s defensiva, manteniendo a raya a Boris Rieloff. En el segundo tiempo debi\u00f3 combinarse mejor con Vargas para hacer da\u00f1o a Colo Colo en el contraataque. Su juventud y condici\u00f3n f\u00edsica son sus principales virtudes, por lo cual siempre tiene espacio para seguir mejorando. <strong>5<\/strong>.<\/p>\n<p><strong>Sustituciones<\/strong><\/p>\n<p><strong>Mat\u00edas Rodr\u00edguez<\/strong>: entr\u00f3 de emergencia tras la expulsi\u00f3n de Ar\u00e1nguiz. Cumpli\u00f3 bien sus labores tanto defensivas como ofensivas, aunque en estas \u00faltimas pudo haber hecho m\u00e1s por la banda derecha. <strong>5<\/strong>.<\/p>\n<p><strong>Albert Acevedo<\/strong>: como buen obrero, cumpli\u00f3 con su trabajo en el \u00e1rea defensiva, estando muy atento para cortar balones, aunque en varias oportunidades no pudo contener a Paredes. Poco y nada produjo en ofensiva. <strong>5<\/strong>. <\/p>\n<p><strong>Diego Rivarola<\/strong>: no fue el mejor partido de su vida, pero la mera presencia de \u201cGok\u00fa\u201d -uno de los \u00faltimos sobrevivientes de la victoria del 9 de septiembre de 2001 en Pedrero- es sin\u00f3nimo de experiencia y buen trato del bal\u00f3n, en especial en momentos en que la \u201cU\u201d lo requer\u00eda. A pesar de que no gravit\u00f3 y le cost\u00f3 mucho hilvanar juego, se las arregl\u00f3 para inquietar al portero Ra\u00fal Olivares desde fuera del \u00e1rea. Con 35 a\u00f1os no es mucho lo que se le puede pedir. <strong>4,5.<\/strong><\/p>\n","protected":false},"excerpt":{"rendered":"<p>En un partido incre\u00edble y con un autogol en el \u00faltimo suspiro, la \u201cU\u201d igual\u00f3 a dos tantos con Colo Colo y mantuvo el invicto y la distancia con su m\u00e1s cercano perseguidor en el Clausura, aunque no pudo romper la racha de diez a\u00f1os sin triunfos en Pedrero. Marcelo D\u00edaz fue la figura de [&#8230;]<\/p>\n","protected":false},"author":50,"featured_media":4261,"comment_status":"open","ping_status":"open","sticky":false,"template":"","format":"standard","meta":{"footnotes":""},"categories":[18],"tags":[],"class_list":{"0":"post-2645","1":"post","2":"type-post","3":"status-publish","4":"format-standard","5":"has-post-thumbnail","7":"category-actualidad"},"_links":{"self":[{"href":"https:\/\/www.rincondelbulla.cl\/portal\/wp-json\/wp\/v2\/posts\/2645","targetHints":{"allow":["GET"]}}],"collection":[{"href":"https:\/\/www.rincondelbulla.cl\/portal\/wp-json\/wp\/v2\/posts"}],"about":[{"href":"https:\/\/www.rincondelbulla.cl\/portal\/wp-json\/wp\/v2\/types\/post"}],"author":[{"embeddable":true,"href":"https:\/\/www.rincondelbulla.cl\/portal\/wp-json\/wp\/v2\/users\/50"}],"replies":[{"embeddable":true,"href":"https:\/\/www.rincondelbulla.cl\/portal\/wp-json\/wp\/v2\/comments?post=2645"}],"version-history":[{"count":0,"href":"https:\/\/www.rincondelbulla.cl\/portal\/wp-json\/wp\/v2\/posts\/2645\/revisions"}],"wp:featuredmedia":[{"embeddable":true,"href":"https:\/\/www.rincondelbulla.cl\/portal\/wp-json\/wp\/v2\/media\/4261"}],"wp:attachment":[{"href":"https:\/\/www.rincondelbulla.cl\/portal\/wp-json\/wp\/v2\/media?parent=2645"}],"wp:term":[{"taxonomy":"category","embeddable":true,"href":"https:\/\/www.rincondelbulla.cl\/portal\/wp-json\/wp\/v2\/categories?post=2645"},{"taxonomy":"post_tag","embeddable":true,"href":"https:\/\/www.rincondelbulla.cl\/portal\/wp-json\/wp\/v2\/tags?post=2645"}],"curies":[{"name":"wp","href":"https:\/\/api.w.org\/{rel}","templated":true}]}}