{"id":2646,"date":"2011-10-31T01:22:11","date_gmt":"2011-10-31T01:22:11","guid":{"rendered":"http:\/\/www.rincondelbulla.cl\/portal\/?p=2646"},"modified":"2011-10-31T01:22:11","modified_gmt":"2011-10-31T01:22:11","slug":"sampaoli-fue-increible-lo-que-hizo-este-grupo","status":"publish","type":"post","link":"https:\/\/www.rincondelbulla.cl\/portal\/2011\/10\/31\/sampaoli-fue-increible-lo-que-hizo-este-grupo\/","title":{"rendered":"Sampaoli: \u201cFue incre\u00edble lo que hizo este grupo\u201d"},"content":{"rendered":"<figure id=\"attachment_4262\" aria-describedby=\"caption-attachment-4262\" style=\"width: 600px\" class=\"wp-caption alignnone\"><img loading=\"lazy\" decoding=\"async\" class=\" size-full wp-image-4262\" src=\"http:\/\/www.rincondelbulla.cl\/portal\/wp-content\/uploads\/2011\/10\/89dd465baa638860b21397ed48740f9f.jpg\" alt=\"Osvaldo Villarroel\" class=\"caption\" title=\"El adiestrador estudiantil se\u00f1al\u00f3 que hubiera sido \"injusto\" que la \"U\" se fuera de Pedrero con una derrota\" width=\"600\" height=\"340\" srcset=\"https:\/\/www.rincondelbulla.cl\/portal\/wp-content\/uploads\/2011\/10\/89dd465baa638860b21397ed48740f9f.jpg 600w, https:\/\/www.rincondelbulla.cl\/portal\/wp-content\/uploads\/2011\/10\/89dd465baa638860b21397ed48740f9f-300x170.jpg 300w\" sizes=\"auto, (max-width: 600px) 100vw, 600px\" \/><figcaption id=\"caption-attachment-4262\" class=\"wp-caption-text\">El adiestrador estudiantil se\u00f1al\u00f3 que hubiera sido<\/figcaption><\/figure>\n<p><strong>El adiestrador laico tuvo emotivas palabras de elogio para la actuaci\u00f3n de sus pupilos, quienes superaron la desventaja num\u00e9rica y mantuvieron el invicto en el Clausura. Asimismo, calific\u00f3 a Arsenal de Sarand\u00ed -pr\u00f3ximo rival en Copa Sudamericana- como un cuadro \u201cdur\u00edsimo\u201d y adelant\u00f3 que comenzar\u00e1 la rotaci\u00f3n de jugadores ante Huachipato el pr\u00f3ximo fin de semana.  <!--more-->  <\/strong><\/p>\n<p>Si algo caracteriza a Jorge Sampaoli es su mesura y sobriedad a la hora de dirigir a sus pupilos y de enfrentar a los medios de comunicaci\u00f3n. Es una marca registrada del trasandino que s\u00f3lo se ausent\u00f3 -y era de esperarse- tras el pitazo final que dio a la \u201cU\u201d su estrella n\u00famero 14, tras una \u00e9pica final ante la Universidad Cat\u00f3lica.<\/p>\n<p>Pero hoy, en un nuevo encuentro que bien podr\u00eda catalogarse como \u201c\u00e9pico\u201d, el ex O\u00b4Higgins tambi\u00e9n rompi\u00f3 su molde de duro e introvertido y salt\u00f3 a la cancha a abrazarse con cuanto jugador azul se encontrara tras el pitazo de Claudio Puga que sentenci\u00f3 el ag\u00f3nico empate ante Colo Colo, con dos elementos menos. \u201cEn el banco lo vivimos como hinchas y gritamos el gol como hinchas\u201d, se justific\u00f3 el DT azul. \u00a0<\/p>\n<p>\u201cFue incre\u00edble lo que hizo este grupo con dos jugadores menos durante un mont\u00f3n de tiempo, proponiendo siempre al ataque en desventaja y yendo a buscar. Es un m\u00e9rito para un equipo que se plant\u00f3 de igual a igual con inferioridad num\u00e9rica y creo que era injusto que se fuera perdiendo\u201d, agreg\u00f3 el calvo estratega.<\/p>\n<p>Pasando al plano internacional, el argentino catalog\u00f3 al pr\u00f3ximo rival del Chuncho en Copa Sudamericana, Arsenal de Sarand\u00ed (jueves 19:30 Hrs.), como un elenco \u201cdur\u00edsimo\u201d, dadas las caracter\u00edsticas f\u00edsicas de sus jugadores y lo peligrosos que son en los balones detenidos.<\/p>\n<p>\u201cArsenal tiene una mitad de cancha muy fuerte, con jugadores de altura promedio de 1,85 de mitad de cancha hacia atr\u00e1s, tiene la mejor pelota parada del f\u00fatbol argentino. Tenemos que estar preparados, recuperarnos, pero con el coraz\u00f3n que tiene este grupo seguros vamos a revertir el cansancio\u201d, dijo el DT laico.<\/p>\n<p>Asimismo, Sampaoli se\u00f1al\u00f3 que dado el desgaste f\u00edsico de disputar ambas competiciones, la rotaci\u00f3n de jugadores comenzar\u00e1 en el encuentro ante Huachipato de la siguiente jornada, a disputarse el domingo a las 18:30 Hrs. en \u00d1u\u00f1oa. <\/p>\n<p>{mp3}Sampaoli vs Colo Colo{\/mp3}<\/p>\n","protected":false},"excerpt":{"rendered":"<p>El adiestrador laico tuvo emotivas palabras de elogio para la actuaci\u00f3n de sus pupilos, quienes superaron la desventaja num\u00e9rica y mantuvieron el invicto en el Clausura. Asimismo, calific\u00f3 a Arsenal de Sarand\u00ed -pr\u00f3ximo rival en Copa Sudamericana- como un cuadro \u201cdur\u00edsimo\u201d y adelant\u00f3 que comenzar\u00e1 la rotaci\u00f3n de jugadores ante Huachipato el pr\u00f3ximo fin de [&#8230;]<\/p>\n","protected":false},"author":50,"featured_media":4262,"comment_status":"open","ping_status":"open","sticky":false,"template":"","format":"standard","meta":{"footnotes":""},"categories":[18],"tags":[],"class_list":{"0":"post-2646","1":"post","2":"type-post","3":"status-publish","4":"format-standard","5":"has-post-thumbnail","7":"category-actualidad"},"_links":{"self":[{"href":"https:\/\/www.rincondelbulla.cl\/portal\/wp-json\/wp\/v2\/posts\/2646","targetHints":{"allow":["GET"]}}],"collection":[{"href":"https:\/\/www.rincondelbulla.cl\/portal\/wp-json\/wp\/v2\/posts"}],"about":[{"href":"https:\/\/www.rincondelbulla.cl\/portal\/wp-json\/wp\/v2\/types\/post"}],"author":[{"embeddable":true,"href":"https:\/\/www.rincondelbulla.cl\/portal\/wp-json\/wp\/v2\/users\/50"}],"replies":[{"embeddable":true,"href":"https:\/\/www.rincondelbulla.cl\/portal\/wp-json\/wp\/v2\/comments?post=2646"}],"version-history":[{"count":0,"href":"https:\/\/www.rincondelbulla.cl\/portal\/wp-json\/wp\/v2\/posts\/2646\/revisions"}],"wp:featuredmedia":[{"embeddable":true,"href":"https:\/\/www.rincondelbulla.cl\/portal\/wp-json\/wp\/v2\/media\/4262"}],"wp:attachment":[{"href":"https:\/\/www.rincondelbulla.cl\/portal\/wp-json\/wp\/v2\/media?parent=2646"}],"wp:term":[{"taxonomy":"category","embeddable":true,"href":"https:\/\/www.rincondelbulla.cl\/portal\/wp-json\/wp\/v2\/categories?post=2646"},{"taxonomy":"post_tag","embeddable":true,"href":"https:\/\/www.rincondelbulla.cl\/portal\/wp-json\/wp\/v2\/tags?post=2646"}],"curies":[{"name":"wp","href":"https:\/\/api.w.org\/{rel}","templated":true}]}}