{"id":2649,"date":"2011-11-04T01:25:50","date_gmt":"2011-11-04T01:25:50","guid":{"rendered":"http:\/\/www.rincondelbulla.cl\/portal\/?p=2649"},"modified":"2011-11-04T01:25:50","modified_gmt":"2011-11-04T01:25:50","slug":"sampaoli-la-serie-esta-muy-abierta","status":"publish","type":"post","link":"https:\/\/www.rincondelbulla.cl\/portal\/2011\/11\/04\/sampaoli-la-serie-esta-muy-abierta\/","title":{"rendered":"Sampaoli: \u201cLa serie est\u00e1 muy abierta\u201d"},"content":{"rendered":"<figure id=\"attachment_4265\" aria-describedby=\"caption-attachment-4265\" style=\"width: 800px\" class=\"wp-caption alignnone\"><img loading=\"lazy\" decoding=\"async\" class=\" size-full wp-image-4265\" src=\"http:\/\/www.rincondelbulla.cl\/portal\/wp-content\/uploads\/2011\/11\/12a9bb93e99c9b33f65523b5bb044117.jpg\" alt=\"Patricio Gonz\u00e1lez\" class=\"caption\" title=\"El DT dijo que espera que la dirigencia haga un esfuerzo para no desmantelar el plantel de cara a la Copa Libertadores 2012.\" width=\"800\" height=\"533\" srcset=\"https:\/\/www.rincondelbulla.cl\/portal\/wp-content\/uploads\/2011\/11\/12a9bb93e99c9b33f65523b5bb044117.jpg 800w, https:\/\/www.rincondelbulla.cl\/portal\/wp-content\/uploads\/2011\/11\/12a9bb93e99c9b33f65523b5bb044117-300x200.jpg 300w, https:\/\/www.rincondelbulla.cl\/portal\/wp-content\/uploads\/2011\/11\/12a9bb93e99c9b33f65523b5bb044117-768x512.jpg 768w, https:\/\/www.rincondelbulla.cl\/portal\/wp-content\/uploads\/2011\/11\/12a9bb93e99c9b33f65523b5bb044117-696x464.jpg 696w, https:\/\/www.rincondelbulla.cl\/portal\/wp-content\/uploads\/2011\/11\/12a9bb93e99c9b33f65523b5bb044117-630x420.jpg 630w\" sizes=\"auto, (max-width: 800px) 100vw, 800px\" \/><figcaption id=\"caption-attachment-4265\" class=\"wp-caption-text\">El DT dijo que espera que la dirigencia haga un esfuerzo para no desmantelar el plantel de cara a la Copa Libertadores 2012.<\/figcaption><\/figure>\n<p><strong>Con mesura se tom\u00f3 el t\u00e9cnico universitario la primera victoria de la instituci\u00f3n en suelo argentino por competiciones oficiales. Para el calvo estratega, Arsenal \u201cva a ser muy duro en Santiago como lo fue ac\u00e1\u201d, por lo cual llam\u00f3 a no confiarse. Asimismo, lament\u00f3 el poco tiempo de preparaci\u00f3n que tendr\u00e1n los siete seleccionados azules para el encuentro de vuelta, que se jugar\u00e1 dos d\u00edas despu\u00e9s del choque con Paraguay. \u201cVa a ser complejo\u201d, dijo. <\/strong><\/p>\n<p>  <!--more-->  <\/p>\n<p><strong> <\/strong><\/p>\n<p>Como es su costumbre, Jorge Sampaoli puso el bal\u00f3n contra el piso y le dio la pausa necesaria al intenso ritmo del encuentro. Es que el t\u00e9cnico universitario analiz\u00f3 con la mesura que lo caracteriza la primera victoria del Le\u00f3n en pastos trasandinos por competiciones oficiales, destacando c\u00f3mo sus pupilos se repusieron a la constante presi\u00f3n de Arsenal de Sarand\u00ed y al tempranero gol del empate.<\/p>\n<p>\u201cEn el segundo tiempo el equipo manej\u00f3 mejor el juego y la pelota y domin\u00f3, cosa que en el primer tiempo estuvo un poco m\u00e1s confuso, as\u00ed que fue muy importante. El equipo reaccion\u00f3 muy bien y gan\u00f3 claramente\u201d, afirm\u00f3 el calvo estratega.<\/p>\n<p>Asimismo, el argentino destac\u00f3 las virtudes que tienen al Chuncho al borde de meterse en su segunda semifinal continental en los \u00faltimos dos a\u00f1os. \u201cJuega con un grado de amateurismo raro en la actualidad, eso permite ser un equipo generoso, solidario, agresivo. Despu\u00e9s de jugar un cl\u00e1sico con nueve hombres hace muy poco, el equipo estuvo a la altura de un partido complicado\u201d.<\/p>\n<p>Sobre el encuentro de vuelta, el DT fue tajante al se\u00f1alar que \u201cva a ser muy duro all\u00e1 como lo fue ac\u00e1, muy disputado\u201d, con un elenco del viaducto que \u201ces muy complicado, un equipo muy trabajado\u201d. En este sentido, destac\u00f3 que la serie \u201cest\u00e1 muy abierta\u201d y que \u201cpensar que la serie est\u00e1 cerrada es algo que no pasa por mi cabeza\u201d.<\/p>\n<p>Sobre este mismo punto, Sampaoli lament\u00f3 las bajas casi seguras de los siete convocados del Rom\u00e1ntico Viajero al \u201cequipo de todos\u201d, ya que el juego se disputar\u00e1 dos d\u00edas despu\u00e9s del choque entre Chile y Paraguay.<\/p>\n<p>\u201cTener siete jugadores sin la preparaci\u00f3n adecuada, como trabajamos nosotros, va a ser complejo\u201d, dijo.<\/p>\n<p>{mp3}Sampaoli vs Arsenal{\/mp3}<\/p>\n<p><strong>Audio cortes\u00eda ADN Radio Chile.<\/strong><\/p>\n","protected":false},"excerpt":{"rendered":"<p>Con mesura se tom\u00f3 el t\u00e9cnico universitario la primera victoria de la instituci\u00f3n en suelo argentino por competiciones oficiales. Para el calvo estratega, Arsenal \u201cva a ser muy duro en Santiago como lo fue ac\u00e1\u201d, por lo cual llam\u00f3 a no confiarse. Asimismo, lament\u00f3 el poco tiempo de preparaci\u00f3n que tendr\u00e1n los siete seleccionados azules [&#8230;]<\/p>\n","protected":false},"author":50,"featured_media":4265,"comment_status":"open","ping_status":"open","sticky":false,"template":"","format":"standard","meta":{"footnotes":""},"categories":[18],"tags":[],"class_list":{"0":"post-2649","1":"post","2":"type-post","3":"status-publish","4":"format-standard","5":"has-post-thumbnail","7":"category-actualidad"},"_links":{"self":[{"href":"https:\/\/www.rincondelbulla.cl\/portal\/wp-json\/wp\/v2\/posts\/2649","targetHints":{"allow":["GET"]}}],"collection":[{"href":"https:\/\/www.rincondelbulla.cl\/portal\/wp-json\/wp\/v2\/posts"}],"about":[{"href":"https:\/\/www.rincondelbulla.cl\/portal\/wp-json\/wp\/v2\/types\/post"}],"author":[{"embeddable":true,"href":"https:\/\/www.rincondelbulla.cl\/portal\/wp-json\/wp\/v2\/users\/50"}],"replies":[{"embeddable":true,"href":"https:\/\/www.rincondelbulla.cl\/portal\/wp-json\/wp\/v2\/comments?post=2649"}],"version-history":[{"count":0,"href":"https:\/\/www.rincondelbulla.cl\/portal\/wp-json\/wp\/v2\/posts\/2649\/revisions"}],"wp:featuredmedia":[{"embeddable":true,"href":"https:\/\/www.rincondelbulla.cl\/portal\/wp-json\/wp\/v2\/media\/4265"}],"wp:attachment":[{"href":"https:\/\/www.rincondelbulla.cl\/portal\/wp-json\/wp\/v2\/media?parent=2649"}],"wp:term":[{"taxonomy":"category","embeddable":true,"href":"https:\/\/www.rincondelbulla.cl\/portal\/wp-json\/wp\/v2\/categories?post=2649"},{"taxonomy":"post_tag","embeddable":true,"href":"https:\/\/www.rincondelbulla.cl\/portal\/wp-json\/wp\/v2\/tags?post=2649"}],"curies":[{"name":"wp","href":"https:\/\/api.w.org\/{rel}","templated":true}]}}