{"id":2651,"date":"2011-11-04T13:35:54","date_gmt":"2011-11-04T13:35:54","guid":{"rendered":"http:\/\/www.rincondelbulla.cl\/portal\/?p=2651"},"modified":"2011-11-04T13:35:54","modified_gmt":"2011-11-04T13:35:54","slug":"marca-personal-vs-arsenal","status":"publish","type":"post","link":"https:\/\/www.rincondelbulla.cl\/portal\/2011\/11\/04\/marca-personal-vs-arsenal\/","title":{"rendered":"Marca Personal VS. Arsenal"},"content":{"rendered":"<figure id=\"attachment_4267\" aria-describedby=\"caption-attachment-4267\" style=\"width: 600px\" class=\"wp-caption alignnone\"><img loading=\"lazy\" decoding=\"async\" class=\" size-full wp-image-4267\" src=\"http:\/\/www.rincondelbulla.cl\/portal\/wp-content\/uploads\/2011\/11\/77c22c54f4a863f44209b76ac8773dea.jpg\" alt=\"Foto: Claudio C\u00e1ceres\" class=\"caption\" title=\"Gustavo Canales volvi\u00f3 a reaparecer anoche para darle los tres puntos a la 'U'\" width=\"600\" height=\"340\" srcset=\"https:\/\/www.rincondelbulla.cl\/portal\/wp-content\/uploads\/2011\/11\/77c22c54f4a863f44209b76ac8773dea.jpg 600w, https:\/\/www.rincondelbulla.cl\/portal\/wp-content\/uploads\/2011\/11\/77c22c54f4a863f44209b76ac8773dea-300x170.jpg 300w\" sizes=\"auto, (max-width: 600px) 100vw, 600px\" \/><figcaption id=\"caption-attachment-4267\" class=\"wp-caption-text\">Gustavo Canales volvi\u00f3 a reaparecer anoche para darle los tres puntos a la &#8216;U&#8217;<\/figcaption><\/figure>\n<p style=\"text-align: justify;\"><strong>Anoche Universidad de Chile dio una gran paso hacia las semifinales de la Copa Sudamericana 2011 al vencer a Arsenal de Sarand\u00ed por 2-1 en calidad de visitante. La figura del partido fue Marcelo D\u00edaz, pero tambi\u00e9n queremos destacar el juego de Eduardo Vargas y Gustavo Canales, pero en general de todo el equipo. A continuaci\u00f3n la tradicional Marca Personal por el Rinc\u00f3n del Bulla.<\/strong><\/p>\n<p style=\"text-align: justify;\"><strong> <\/strong><\/p>\n<hr id=\"system-readmore\" style=\"text-align: justify;\" \/>\n<p style=\"text-align: justify;\"><strong>Johnny Herrera:<\/strong> sigue demostrando mucha seguridad en el arco. Tuvo un par de intervenciones excelentes \u00a0pero, tal como en el segundo gol convertido por los locales en el Supercl\u00e1sico,\u00a0 debe tener cuidado con los balones divididos en el \u00e1rea. Menci\u00f3n aparte son los 548 minutos que mantuvo su valla invicta. Bien Johnny,\u00a0 un 6.0<\/p>\n<p style=\"text-align: justify;\"><strong style=\"text-align: -webkit-auto;\">Osvaldo Gonz\u00e1lez:<\/strong> le cost\u00f3 cubrir la posici\u00f3n que dej\u00f3 descubierta Mat\u00edas Rodr\u00edguez por la derecha. Por ese costado naci\u00f3 el gol de Arsenal, en el tanto que signific\u00f3 el 1-1 parcial. Por arriba estuvo muy bien y cubri\u00f3 bien los espacios que quedaron por la banda de Rojas. Un 5.5<\/p>\n<p class=\"MsoNormal\" style=\"text-align: justify;\"><strong>Marco Gonz\u00e1lez:<\/strong> impasable en el juego a\u00e9reo y en los mano a mano. Estuvo flojo en la marca de Obolo en el empate de los locales. Un 5.5<\/p>\n<p class=\"MsoNormal\" style=\"text-align: justify;\"><strong>Jos\u00e9 Rojas:<\/strong> fue el mejor de la l\u00ednea de centrales. Le entreg\u00f3 seguridad y salida a la banda derecha. Esto permiti\u00f3 que Mena s\u00f3lo se preocupara de la marca en el medio campo y de los desbordes en ataque.\u00a0 Grande capit\u00e1n. Un 6.5<\/p>\n<p class=\"MsoNormal\" style=\"text-align: justify;\"><strong>Mat\u00edas Rodr\u00edguez:<\/strong> estuvo bien en el quite y en el ataque, pero muy mal en la defensa y en la entrega al compa\u00f1ero. Perdi\u00f3 muchos salones en la salida y por su banda los delanteros locales hicieron mucho da\u00f1o. Prec\u00edsamente por este lado naci\u00f3 la jugada del gol de Arsenal, tras un bal\u00f3n que perdi\u00f3 en la salida. Fue reemplazado por Gustavo Canales a los 52\u2019. Un 4.5<\/p>\n<p class=\"MsoNormal\" style=\"text-align: justify;\"><strong>Charles Ar\u00e1nguiz:<\/strong> tuvo un muy buen partido. Como siempre fue el amigo de todos. Cubri\u00f3 siempre en defensa las subidas de sus compa\u00f1eros e hizo un trabajo brillante en medio terreno, donde \u2013junto a D\u00edaz- tuvo una complicada tarea para administrar y recuperar el bal\u00f3n debido a la presi\u00f3n que impuso Arsenal en esa zona. Dio la habilitaci\u00f3n a Vargas en la apertura de cuenta para los azules. Muy bien, un 6.5<\/p>\n<p class=\"MsoNormal\" style=\"text-align: justify;\"><strong>Marcelo D\u00edaz:<\/strong> uno de los puntos m\u00e1s altos de la \u2018U\u2019 anoche, sin lugar a dudas.\u00a0 Siempre busc\u00f3 el arco de larga distancia y entreg\u00f3 pr\u00e1cticamente todos los balones en que particip\u00f3 a alg\u00fan compa\u00f1ero. D\u00edaz es el nuevo due\u00f1o del medio campo azul, porque no s\u00f3lo es un contenci\u00f3n, al mismo tiempo es un guerrero y un habilitador. Su llamado a la Roja no hizo m\u00e1s que confirmar el buen momento que vive, en un a\u00f1o donde no ha tenido partidos malos. Un 6.5<\/p>\n<p class=\"MsoNormal\" style=\"text-align: justify;\"><strong>Eugenio Mena:<\/strong> muy bien en la marca, siempre batallador y un corredor incansable. Anoche hizo bastante da\u00f1o por la banda izquierda y colabor\u00f3 en medio terreno quitando muchos balones. Un 6.0<\/p>\n<p class=\"MsoNormal\" style=\"text-align: justify;\"><strong>Eduardo Vargas:<\/strong> la figura indiscutida. Es el hombre diferente de los azules. Cada bal\u00f3n que toma se convierte en una jugada de peligro en sus pies. Arranc\u00f3 solo desde la mitad de la cancha en los descuentos de la primera mitad para marcar la apertura de la cuenta. En la segunda parte fue el m\u00e1s incisivo del ataque y tambi\u00e9n colabor\u00f3 mucho en labores defensivas. Un 6.5<\/p>\n<p class=\"MsoNormal\" style=\"text-align: justify;\"><strong>Gustavo Lorenzetti:<\/strong> las \u00faltimas actuaciones del argentino, ex U. de Concepci\u00f3n, no han sido descollantes, pero se explica porque ha debido cumplir una doble funci\u00f3n: la de centro delantero y la de enganche. En este equipo de Sampaoli todos son obreros y Gustavo ha realizado con \u00e9xito la tarea encomendado por el estratega azul, donde no brilla, pero ha sido fundamental para el funcionamiento t\u00e1ctico de la \u2018U\u2019. Anoche hizo una gran tarea, pero debe mejorar en la entrega al compa\u00f1ero. Le anularon un gol a los 73\u2019, que ciertamente a\u00fan el \u00e1rbitro se debe preguntar por qu\u00e9 lo invalid\u00f3. Recibi\u00f3 amarilla a los 78\u2019. Un 5.5<\/p>\n<p class=\"MsoNormal\" style=\"text-align: justify;\"><strong>Francisco Castro:<\/strong> muy movedizo y punzante por la izquierda. Gan\u00f3 muchos mano a mano y con cada partido gana m\u00e1s confianza en sus aptitudes. \u00a0En la cancha del Julio Grondona se junt\u00f3 muy bien con Mena y Lorenzetti por la izquierda. Debe mejorar la entrega del bal\u00f3n. Recibi\u00f3 amarilla a los 83\u2019. Un 5.5<\/p>\n<p class=\"MsoNormal\" style=\"text-align: justify;\">SUSTITUCIONES<\/p>\n<p class=\"MsoNormal\" style=\"text-align: justify;\"><strong>Gustavo Canales:<\/strong> Ingres\u00f3 a los 52\u2019 por Mat\u00edas Rodr\u00edguez. No particip\u00f3 mucho en el juego hasta los 79\u2019, donde tom\u00f3 un bal\u00f3n por la izquierda y comenz\u00f3 a eludir defensas argentinos. En el \u00faltimo enganche, cuando ya estaba pronto a eludir al arquero, fue derribado y \u00e1rbitro uruguayo pit\u00f3 la pena m\u00e1xima. Igual que en la final del Apertura ante la \u2018UC\u2019, el seleccionado chileno no titube\u00f3 para vencer al meta de Arsenal y elevar en las gargantas azules el grito de Gol. Un 6.5<\/p>\n<p class=\"MsoNormal\" style=\"text-align: justify;\"><strong>Nelson Rebolledo<\/strong>: Ingres\u00f3 a los 92\u2019 por Francisco Castro, sin calificaci\u00f3n.<\/p>\n<p class=\"MsoNormal\" style=\"text-align: justify;\">\u00a0<\/p>\n<p style=\"text-align: justify;\"><strong>Staff Rinc\u00f3n del Bulla 2011.<\/strong><\/p>\n","protected":false},"excerpt":{"rendered":"<p>Anoche Universidad de Chile dio una gran paso hacia las semifinales de la Copa Sudamericana 2011 al vencer a Arsenal de Sarand\u00ed por 2-1 en calidad de visitante. La figura del partido fue Marcelo D\u00edaz, pero tambi\u00e9n queremos destacar el juego de Eduardo Vargas y Gustavo Canales, pero en general de todo el equipo. A [&#8230;]<\/p>\n","protected":false},"author":55,"featured_media":4267,"comment_status":"open","ping_status":"open","sticky":false,"template":"","format":"standard","meta":{"footnotes":""},"categories":[18],"tags":[48,80],"class_list":{"0":"post-2651","1":"post","2":"type-post","3":"status-publish","4":"format-standard","5":"has-post-thumbnail","7":"category-actualidad","8":"tag-apertura-2011","9":"tag-copa-sudamericana"},"_links":{"self":[{"href":"https:\/\/www.rincondelbulla.cl\/portal\/wp-json\/wp\/v2\/posts\/2651","targetHints":{"allow":["GET"]}}],"collection":[{"href":"https:\/\/www.rincondelbulla.cl\/portal\/wp-json\/wp\/v2\/posts"}],"about":[{"href":"https:\/\/www.rincondelbulla.cl\/portal\/wp-json\/wp\/v2\/types\/post"}],"author":[{"embeddable":true,"href":"https:\/\/www.rincondelbulla.cl\/portal\/wp-json\/wp\/v2\/users\/55"}],"replies":[{"embeddable":true,"href":"https:\/\/www.rincondelbulla.cl\/portal\/wp-json\/wp\/v2\/comments?post=2651"}],"version-history":[{"count":0,"href":"https:\/\/www.rincondelbulla.cl\/portal\/wp-json\/wp\/v2\/posts\/2651\/revisions"}],"wp:featuredmedia":[{"embeddable":true,"href":"https:\/\/www.rincondelbulla.cl\/portal\/wp-json\/wp\/v2\/media\/4267"}],"wp:attachment":[{"href":"https:\/\/www.rincondelbulla.cl\/portal\/wp-json\/wp\/v2\/media?parent=2651"}],"wp:term":[{"taxonomy":"category","embeddable":true,"href":"https:\/\/www.rincondelbulla.cl\/portal\/wp-json\/wp\/v2\/categories?post=2651"},{"taxonomy":"post_tag","embeddable":true,"href":"https:\/\/www.rincondelbulla.cl\/portal\/wp-json\/wp\/v2\/tags?post=2651"}],"curies":[{"name":"wp","href":"https:\/\/api.w.org\/{rel}","templated":true}]}}