{"id":2659,"date":"2011-11-18T05:39:51","date_gmt":"2011-11-18T05:39:51","guid":{"rendered":"http:\/\/www.rincondelbulla.cl\/portal\/?p=2659"},"modified":"2011-11-18T05:39:51","modified_gmt":"2011-11-18T05:39:51","slug":"valdes-estamos-realizando-un-gran-campeonato-y-espero-que-lleguemos-a-la-final","status":"publish","type":"post","link":"https:\/\/www.rincondelbulla.cl\/portal\/2011\/11\/18\/valdes-estamos-realizando-un-gran-campeonato-y-espero-que-lleguemos-a-la-final\/","title":{"rendered":"Valdes: \u201cEstamos realizando un gran campeonato y espero que lleguemos a la final\u201d"},"content":{"rendered":"<figure id=\"attachment_4275\" aria-describedby=\"caption-attachment-4275\" style=\"width: 600px\" class=\"wp-caption alignnone\"><img loading=\"lazy\" decoding=\"async\" class=\" size-full wp-image-4275\" src=\"http:\/\/www.rincondelbulla.cl\/portal\/wp-content\/uploads\/2011\/11\/08a4cf1e44f783c853b207a033a173b9.jpg\" alt=\"El Gr\u00e1fico\" class=\"caption\" title=\"El mandam\u00e1s de la concesionaria desminti\u00f3 ofertas del Atlas mexicano para comprar el 100% del pase del portero Miguel Pinto.\" width=\"600\" height=\"340\" srcset=\"https:\/\/www.rincondelbulla.cl\/portal\/wp-content\/uploads\/2011\/11\/08a4cf1e44f783c853b207a033a173b9.jpg 600w, https:\/\/www.rincondelbulla.cl\/portal\/wp-content\/uploads\/2011\/11\/08a4cf1e44f783c853b207a033a173b9-300x170.jpg 300w\" sizes=\"auto, (max-width: 600px) 100vw, 600px\" \/><figcaption id=\"caption-attachment-4275\" class=\"wp-caption-text\">El mandam\u00e1s de la concesionaria desminti\u00f3 ofertas del Atlas mexicano para comprar el 100% del pase del portero Miguel Pinto.<\/figcaption><\/figure>\n<p><strong>El timonel de Azul Azul destac\u00f3 el buen momento del cuadro estudiantil y la gran campa\u00f1a realizada hasta el momento en la Copa Sudamericana. Adem\u00e1s, se\u00f1al\u00f3 que se postergar\u00e1 hasta fin de a\u00f1o la decisi\u00f3n sobre las ventas de algunos jugadores al extranjero. \u201cEn este momento estamos preocupados de ganar este torneo y el otro  (Clausura). A fin de a\u00f1o habr\u00e1 que evaluar qu\u00e9 pasa con este tema\u201d, dijo.<\/strong><\/p>\n<p>  <!--more-->  <\/p>\n<p>Muy bien disimul\u00f3 su alegr\u00eda por el paso a semifinales de la Copa Sudamericana el presidente de Azul Azul, Federico Vald\u00e9s. La gran cantidad de ofertas para exportar a los jugadores del Chuncho, seg\u00fan se rumorea en los pasillos del CDA, tienen al mandam\u00e1s de la concesionaria con mucho trabajo, aunque de todas maneras se dio el tiempo de valorar el rendimiento colectivo de la escuadra de Sampaoli que lo ha llevado a conseguir un logro \u201chist\u00f3rico\u201d, como lo es ubicarse entre los cuatro mejores de la Sudamericana por primera vez en cuatro presentaciones<\/p>\n<p>\u201cEste es un equipo al que le han hecho un solo gol en la copa. Es un rendimiento extraordinario\u201d, valor\u00f3 el timonel.<\/p>\n<p>Asimismo, se\u00f1al\u00f3 que el conjunto laico -ad portas de lograr su primer t\u00edtulo internacional- no tiene deudas pendientes con su fanaticada en este sentido, por lo cual hasta ahora se conforma con que \u201cestamos realizando un gran campeonato y espero que lleguemos a la final. Cuando lo hagamos, veremos si somos capaces de ganar la Sudamericana\u201d.<\/p>\n<p>Respecto a los rumores en torno a una \u201clluvia\u201d de ofertas por jugadores estudiantiles y la presencias de veedores europeos en el Estadio Nacional, el tambi\u00e9n rector de la Universidad del Desarrollo se limit\u00f3 a se\u00f1alar que \u201chab\u00edan varios equipos presentes hoy (anoche), probablemente algunos que ustedes no saben\u201d, ratificando que \u201cen este momento estamos preocupados de ganar este torneo y el otro (Clausura). A fin de a\u00f1o habr\u00e1 que evaluar qu\u00e9 pasa con este tema\u201d.<\/p>\n<p>{mp3}valdesvsarsenal{\/mp3}<\/p>\n","protected":false},"excerpt":{"rendered":"<p>El timonel de Azul Azul destac\u00f3 el buen momento del cuadro estudiantil y la gran campa\u00f1a realizada hasta el momento en la Copa Sudamericana. Adem\u00e1s, se\u00f1al\u00f3 que se postergar\u00e1 hasta fin de a\u00f1o la decisi\u00f3n sobre las ventas de algunos jugadores al extranjero. \u201cEn este momento estamos preocupados de ganar este torneo y el otro [&#8230;]<\/p>\n","protected":false},"author":50,"featured_media":4275,"comment_status":"open","ping_status":"open","sticky":false,"template":"","format":"standard","meta":{"footnotes":""},"categories":[18],"tags":[],"class_list":{"0":"post-2659","1":"post","2":"type-post","3":"status-publish","4":"format-standard","5":"has-post-thumbnail","7":"category-actualidad"},"_links":{"self":[{"href":"https:\/\/www.rincondelbulla.cl\/portal\/wp-json\/wp\/v2\/posts\/2659","targetHints":{"allow":["GET"]}}],"collection":[{"href":"https:\/\/www.rincondelbulla.cl\/portal\/wp-json\/wp\/v2\/posts"}],"about":[{"href":"https:\/\/www.rincondelbulla.cl\/portal\/wp-json\/wp\/v2\/types\/post"}],"author":[{"embeddable":true,"href":"https:\/\/www.rincondelbulla.cl\/portal\/wp-json\/wp\/v2\/users\/50"}],"replies":[{"embeddable":true,"href":"https:\/\/www.rincondelbulla.cl\/portal\/wp-json\/wp\/v2\/comments?post=2659"}],"version-history":[{"count":0,"href":"https:\/\/www.rincondelbulla.cl\/portal\/wp-json\/wp\/v2\/posts\/2659\/revisions"}],"wp:featuredmedia":[{"embeddable":true,"href":"https:\/\/www.rincondelbulla.cl\/portal\/wp-json\/wp\/v2\/media\/4275"}],"wp:attachment":[{"href":"https:\/\/www.rincondelbulla.cl\/portal\/wp-json\/wp\/v2\/media?parent=2659"}],"wp:term":[{"taxonomy":"category","embeddable":true,"href":"https:\/\/www.rincondelbulla.cl\/portal\/wp-json\/wp\/v2\/categories?post=2659"},{"taxonomy":"post_tag","embeddable":true,"href":"https:\/\/www.rincondelbulla.cl\/portal\/wp-json\/wp\/v2\/tags?post=2659"}],"curies":[{"name":"wp","href":"https:\/\/api.w.org\/{rel}","templated":true}]}}