{"id":2660,"date":"2011-11-18T05:46:47","date_gmt":"2011-11-18T05:46:47","guid":{"rendered":"http:\/\/www.rincondelbulla.cl\/portal\/?p=2660"},"modified":"2011-11-18T05:46:47","modified_gmt":"2011-11-18T05:46:47","slug":"yuraszeck-vamos-a-hacer-todos-los-esfuerzos-posibles-por-mantener-al-plantel-para-la-libertadores","status":"publish","type":"post","link":"https:\/\/www.rincondelbulla.cl\/portal\/2011\/11\/18\/yuraszeck-vamos-a-hacer-todos-los-esfuerzos-posibles-por-mantener-al-plantel-para-la-libertadores\/","title":{"rendered":"Yuraszeck: \u201cVamos a hacer todos los esfuerzos posibles por mantener al plantel para la Libertadores\u201d"},"content":{"rendered":"<figure id=\"attachment_4276\" aria-describedby=\"caption-attachment-4276\" style=\"width: 600px\" class=\"wp-caption alignnone\"><img loading=\"lazy\" decoding=\"async\" class=\" size-full wp-image-4276\" src=\"http:\/\/www.rincondelbulla.cl\/portal\/wp-content\/uploads\/2011\/11\/8f609099d27941bf7851e7634da2ac60.jpg\" alt=\"\" class=\"caption\" title=\"El directivo mostr\u00f3 respeto por el pr\u00f3ximo escollo del Le\u00f3n en la Sudamericana, Vasco da Gama, al cual defini\u00f3 como un \"rival  dif\u00edcil\".\" width=\"600\" height=\"340\" srcset=\"https:\/\/www.rincondelbulla.cl\/portal\/wp-content\/uploads\/2011\/11\/8f609099d27941bf7851e7634da2ac60.jpg 600w, https:\/\/www.rincondelbulla.cl\/portal\/wp-content\/uploads\/2011\/11\/8f609099d27941bf7851e7634da2ac60-300x170.jpg 300w\" sizes=\"auto, (max-width: 600px) 100vw, 600px\" \/><figcaption id=\"caption-attachment-4276\" class=\"wp-caption-text\">El directivo mostr\u00f3 respeto por el pr\u00f3ximo escollo del Le\u00f3n en la Sudamericana, Vasco da Gama, al cual defini\u00f3 como un<\/figcaption><\/figure>\n<p><strong>El presidente de la Comisi\u00f3n de F\u00fatbol de Azul Azul descart\u00f3 la presencia de observadores europeos en el encuentro ante Arsenal de Sarand\u00ed, como se\u00f1alaban algunos rumores. Asimismo, fue tajante respecto al tema traspasos: \u201cNo ha llegado ninguna oferta por ning\u00fan jugador\u201d, se\u00f1al\u00f3.<\/strong><\/p>\n<p>\u00a0<\/p>\n<p>  <!--more-->  <\/p>\n<p>\u00a0<\/p>\n<p>\u201cPura alegr\u00eda, la verdad que pura alegr\u00eda, estamos en semifinales y hay que seguir peleando\u201d. As\u00ed defini\u00f3 el momento azul el presidente de la Comisi\u00f3n de F\u00fatbol de Azul Azul, Jos\u00e9 Yuraszeck. Y no es para menos. El Le\u00f3n est\u00e1 en racha en la Copa Sudamericana, con siete triunfos y un empate, lo que le da cierto favoritismo para alzarse con la \u201cotra mitad de la gloria\u201d.<\/p>\n<p>Sin embargo, el directivo fue cauto, dado que el pr\u00f3ximo rival, Vasco de Gama, \u201ces un rival dif\u00edcil y ojal\u00e1 nos vaya bien en Brasil la pr\u00f3xima semana\u201d.<\/p>\n<p>A prop\u00f3sito de un posible desmantelamiento del plantel para el pr\u00f3ximo a\u00f1o, debido a los \u00e9xitos del \u201cRom\u00e1ntico Viajero\u201d en el plano local e internacional, Yuraszeck fue tajante: \u201cNo ha llegado ninguna oferta por ning\u00fan jugador\u201d.<\/p>\n<p>\u201cQuiero decir esto con mucha claridad: vamos a hacer todos los esfuerzos posibles por mantener el plantel para la Libertadores del pr\u00f3ximo a\u00f1o. Por ahora no tenemos ninguna oferta y vamos a hacer todos los esfuerzos por ganar la Sudamericana y el bicampeonato y tener un plantel muy poderoso el pr\u00f3ximo a\u00f1o en la Libertadores\u201d, afirm\u00f3 el, se dice, m\u00e1ximo candidato para suceder a Federico Vald\u00e9s al frente de la concesionaria el pr\u00f3ximo a\u00f1o.<\/p>\n<p>{mp3}yuraszeckvsarsenal{\/mp3}<\/p>\n","protected":false},"excerpt":{"rendered":"<p>El presidente de la Comisi\u00f3n de F\u00fatbol de Azul Azul descart\u00f3 la presencia de observadores europeos en el encuentro ante Arsenal de Sarand\u00ed, como se\u00f1alaban algunos rumores. Asimismo, fue tajante respecto al tema traspasos: \u201cNo ha llegado ninguna oferta por ning\u00fan jugador\u201d, se\u00f1al\u00f3. \u00a0<\/p>\n","protected":false},"author":50,"featured_media":4276,"comment_status":"open","ping_status":"open","sticky":false,"template":"","format":"standard","meta":{"footnotes":""},"categories":[18],"tags":[],"class_list":{"0":"post-2660","1":"post","2":"type-post","3":"status-publish","4":"format-standard","5":"has-post-thumbnail","7":"category-actualidad"},"_links":{"self":[{"href":"https:\/\/www.rincondelbulla.cl\/portal\/wp-json\/wp\/v2\/posts\/2660","targetHints":{"allow":["GET"]}}],"collection":[{"href":"https:\/\/www.rincondelbulla.cl\/portal\/wp-json\/wp\/v2\/posts"}],"about":[{"href":"https:\/\/www.rincondelbulla.cl\/portal\/wp-json\/wp\/v2\/types\/post"}],"author":[{"embeddable":true,"href":"https:\/\/www.rincondelbulla.cl\/portal\/wp-json\/wp\/v2\/users\/50"}],"replies":[{"embeddable":true,"href":"https:\/\/www.rincondelbulla.cl\/portal\/wp-json\/wp\/v2\/comments?post=2660"}],"version-history":[{"count":0,"href":"https:\/\/www.rincondelbulla.cl\/portal\/wp-json\/wp\/v2\/posts\/2660\/revisions"}],"wp:featuredmedia":[{"embeddable":true,"href":"https:\/\/www.rincondelbulla.cl\/portal\/wp-json\/wp\/v2\/media\/4276"}],"wp:attachment":[{"href":"https:\/\/www.rincondelbulla.cl\/portal\/wp-json\/wp\/v2\/media?parent=2660"}],"wp:term":[{"taxonomy":"category","embeddable":true,"href":"https:\/\/www.rincondelbulla.cl\/portal\/wp-json\/wp\/v2\/categories?post=2660"},{"taxonomy":"post_tag","embeddable":true,"href":"https:\/\/www.rincondelbulla.cl\/portal\/wp-json\/wp\/v2\/tags?post=2660"}],"curies":[{"name":"wp","href":"https:\/\/api.w.org\/{rel}","templated":true}]}}