{"id":2676,"date":"2011-11-28T01:41:06","date_gmt":"2011-11-28T01:41:06","guid":{"rendered":"http:\/\/www.rincondelbulla.cl\/portal\/?p=2676"},"modified":"2011-11-28T01:41:06","modified_gmt":"2011-11-28T01:41:06","slug":"sampaoli-me-voy-con-un-sabor-amargo-teniamos-todo-para-ganarlo","status":"publish","type":"post","link":"https:\/\/www.rincondelbulla.cl\/portal\/2011\/11\/28\/sampaoli-me-voy-con-un-sabor-amargo-teniamos-todo-para-ganarlo\/","title":{"rendered":"Sampaoli: \u201cMe voy con un sabor amargo, ten\u00edamos todo para ganarlo\u201d"},"content":{"rendered":"<figure id=\"attachment_4292\" aria-describedby=\"caption-attachment-4292\" style=\"width: 600px\" class=\"wp-caption alignnone\"><img loading=\"lazy\" decoding=\"async\" class=\" size-full wp-image-4292\" src=\"http:\/\/www.rincondelbulla.cl\/portal\/wp-content\/uploads\/2011\/11\/017560b0033d4ca773484cd693ba5750.jpg\" alt=\"Javier Vald\u00e9s\" class=\"caption\" title=\"El t\u00e9cnico argentino evit\u00f3 referirse a la posible llegada de Junior Fernandes a la tienda laica\" width=\"600\" height=\"340\" srcset=\"https:\/\/www.rincondelbulla.cl\/portal\/wp-content\/uploads\/2011\/11\/017560b0033d4ca773484cd693ba5750.jpg 600w, https:\/\/www.rincondelbulla.cl\/portal\/wp-content\/uploads\/2011\/11\/017560b0033d4ca773484cd693ba5750-300x170.jpg 300w\" sizes=\"auto, (max-width: 600px) 100vw, 600px\" \/><figcaption id=\"caption-attachment-4292\" class=\"wp-caption-text\">El t\u00e9cnico argentino evit\u00f3 referirse a la posible llegada de Junior Fernandes a la tienda laica<\/figcaption><\/figure>\n<p><strong>El estratega laico valor\u00f3 las actuaciones de los juveniles Christian Bravo y Sebasti\u00e1n Mart\u00ednez, quienes \u201crealmente se impusieron a rivales muy dif\u00edciles (\u2026) y eso nos da una expectativa para el futuro\u201d. Asimismo, destac\u00f3 el poder\u00edo ofensivo de Uni\u00f3n Espa\u00f1ola -rival en Playoffs- y adelant\u00f3 la estrategia para enfrentar el mi\u00e9rcoles a Vasco de Gama. \u201cLa \u00fanica oportunidad que tiene la \u201cU\u201d de pasar es atacando desde que arranque el partido\u201d, dijo.<\/strong><\/p>\n<p>  <!--more-->  <\/p>\n<p>Nada de conforme con el empate a un gol con Audax Italiano qued\u00f3 el t\u00e9cnico de la Universidad de Chile, Jorge Sampaoli. Es que el Chuncho tuvo varias ocasiones claras de gol durante la segunda mitad para asegurar el resultado, pero una desconcentraci\u00f3n en defensa le cost\u00f3 la igualdad. El DT no escondi\u00f3 su desaz\u00f3n por ser incapaz de cerrar la fase regular con un triunfo en La Florida. <\/p>\n<p>\u201cUno se va con un sabor amargo hoy porque ten\u00edamos todo para ganarlo y no pudimos hacerlo. Pero bueno, ahora tenemos que pensar en el mi\u00e9rcoles y en el domingo, dos partidos definitorios\u201d, afirm\u00f3 el argentino.<\/p>\n<p>De todas maneras, el estratega valor\u00f3 el desempe\u00f1o de la escuadra alternativa del Rom\u00e1ntico Viajero. \u201cEl equipo hizo un partido muy intenso, se impuso en el dominio y en las situaciones durante casi todo el partido. Fue un rendimiento muy alto. Lamentablemente no pudimos ganar\u201d.<\/p>\n<p>El trasandino rescat\u00f3 el nivel de los juveniles Sebasti\u00e1n Mart\u00ednez y Christian Bravo, dos de los puntos m\u00e1s altos del actual campe\u00f3n del balompi\u00e9 criollo. \u201c(Tuvieron) destacadas actuaciones en un partido muy intenso, donde realmente se impusieron a rivales muy dif\u00edciles. Bravo gan\u00f3 mucho por la derecha, Mart\u00ednez gan\u00f3 mucho por el centro y eso nos da una expectativa para el futuro\u201d.<\/p>\n<p>En tanto, defini\u00f3 la estrategia para afrontar el desaf\u00edo de vuelta por las semifinales de la Sudamericana ante Vasco de Gama, el mi\u00e9rcoles en el Santa Laura (20:50 Hrs.). En este sentido, la consigna es clara: presionar y atacar a los brasile\u00f1os. \u201cIntentaremos meter mucha presi\u00f3n a Vasco desde que arranque el partido y buscando la posibilidad de tener la ilusi\u00f3n de pasar a una final (\u2026) La \u00fanica oportunidad que tiene la \u201cU\u201d de pasar es atacando desde que arranque el partido\u201d.<\/p>\n<p>A prop\u00f3sito del rival de Chuncho en los cuartos de final del Clausura, Uni\u00f3n Espa\u00f1ola, el ex Emelec se\u00f1al\u00f3 que la principal preocupaci\u00f3n del Le\u00f3n es la capacidad ofensiva del cuadro de colonia, al cual catalog\u00f3 como \u201cdif\u00edcil\u201d y al que ya ha enfrentado en cuatro ocasiones durante el a\u00f1o -todas victorias azules-. \u201cTiene un equipo que ofensivamente tiene muchas variantes, que cada vez que lo hemos enfrentado han sido encuentros muy disputados e intensos. Seguramente esta no va a ser la excepci\u00f3n\u201d<\/p>\n<p>{mp3}sampaolivsaudax{\/mp3}<\/p>\n<p>\u00a0<\/p>\n","protected":false},"excerpt":{"rendered":"<p>El estratega laico valor\u00f3 las actuaciones de los juveniles Christian Bravo y Sebasti\u00e1n Mart\u00ednez, quienes \u201crealmente se impusieron a rivales muy dif\u00edciles (\u2026) y eso nos da una expectativa para el futuro\u201d. Asimismo, destac\u00f3 el poder\u00edo ofensivo de Uni\u00f3n Espa\u00f1ola -rival en Playoffs- y adelant\u00f3 la estrategia para enfrentar el mi\u00e9rcoles a Vasco de Gama. [&#8230;]<\/p>\n","protected":false},"author":50,"featured_media":4292,"comment_status":"open","ping_status":"open","sticky":false,"template":"","format":"standard","meta":{"footnotes":""},"categories":[18],"tags":[],"class_list":{"0":"post-2676","1":"post","2":"type-post","3":"status-publish","4":"format-standard","5":"has-post-thumbnail","7":"category-actualidad"},"_links":{"self":[{"href":"https:\/\/www.rincondelbulla.cl\/portal\/wp-json\/wp\/v2\/posts\/2676","targetHints":{"allow":["GET"]}}],"collection":[{"href":"https:\/\/www.rincondelbulla.cl\/portal\/wp-json\/wp\/v2\/posts"}],"about":[{"href":"https:\/\/www.rincondelbulla.cl\/portal\/wp-json\/wp\/v2\/types\/post"}],"author":[{"embeddable":true,"href":"https:\/\/www.rincondelbulla.cl\/portal\/wp-json\/wp\/v2\/users\/50"}],"replies":[{"embeddable":true,"href":"https:\/\/www.rincondelbulla.cl\/portal\/wp-json\/wp\/v2\/comments?post=2676"}],"version-history":[{"count":0,"href":"https:\/\/www.rincondelbulla.cl\/portal\/wp-json\/wp\/v2\/posts\/2676\/revisions"}],"wp:featuredmedia":[{"embeddable":true,"href":"https:\/\/www.rincondelbulla.cl\/portal\/wp-json\/wp\/v2\/media\/4292"}],"wp:attachment":[{"href":"https:\/\/www.rincondelbulla.cl\/portal\/wp-json\/wp\/v2\/media?parent=2676"}],"wp:term":[{"taxonomy":"category","embeddable":true,"href":"https:\/\/www.rincondelbulla.cl\/portal\/wp-json\/wp\/v2\/categories?post=2676"},{"taxonomy":"post_tag","embeddable":true,"href":"https:\/\/www.rincondelbulla.cl\/portal\/wp-json\/wp\/v2\/tags?post=2676"}],"curies":[{"name":"wp","href":"https:\/\/api.w.org\/{rel}","templated":true}]}}