{"id":2678,"date":"2011-11-28T02:13:48","date_gmt":"2011-11-28T02:13:48","guid":{"rendered":"http:\/\/www.rincondelbulla.cl\/portal\/?p=2678"},"modified":"2011-11-28T02:13:48","modified_gmt":"2011-11-28T02:13:48","slug":"yuraszeck-no-vamos-a-hablar-de-refuerzos-hasta-que-termine-el-campeonato","status":"publish","type":"post","link":"https:\/\/www.rincondelbulla.cl\/portal\/2011\/11\/28\/yuraszeck-no-vamos-a-hablar-de-refuerzos-hasta-que-termine-el-campeonato\/","title":{"rendered":"Yuraszeck: \u201cNo vamos a hablar de refuerzos hasta que termine el campeonato\u201d"},"content":{"rendered":"<figure id=\"attachment_4294\" aria-describedby=\"caption-attachment-4294\" style=\"width: 600px\" class=\"wp-caption alignnone\"><img loading=\"lazy\" decoding=\"async\" class=\" size-full wp-image-4294\" src=\"http:\/\/www.rincondelbulla.cl\/portal\/wp-content\/uploads\/2011\/11\/33425c2e506003d2ba9e50d1e2fc3fc5.jpg\" alt=\"\" class=\"caption\" title=\"El presidente de la Comisi\u00f3n de F\u00fatbol mostr\u00f3 su satisfacci\u00f3n por el invicto del Rom\u00e1ntico Viajero en la fase regular del Clausura.\" width=\"600\" height=\"340\" srcset=\"https:\/\/www.rincondelbulla.cl\/portal\/wp-content\/uploads\/2011\/11\/33425c2e506003d2ba9e50d1e2fc3fc5.jpg 600w, https:\/\/www.rincondelbulla.cl\/portal\/wp-content\/uploads\/2011\/11\/33425c2e506003d2ba9e50d1e2fc3fc5-300x170.jpg 300w\" sizes=\"auto, (max-width: 600px) 100vw, 600px\" \/><figcaption id=\"caption-attachment-4294\" class=\"wp-caption-text\">El presidente de la Comisi\u00f3n de F\u00fatbol mostr\u00f3 su satisfacci\u00f3n por el invicto del Rom\u00e1ntico Viajero en la fase regular del Clausura.<\/figcaption><\/figure>\n<p><strong>De esta manera respondi\u00f3 el directivo ante los rumores sobre el posible arribo de Junior Fernandes al actual campe\u00f3n del f\u00fatbol chileno. Adem\u00e1s, no se mostr\u00f3 muy asombrado del nivel exhibido por juveniles como Bravo, Mart\u00ednez y Lichnovsky, ya que \u201centrenan permanentemente con el primer equipo. Algunos son sparrings y otros reservas, de tal manera que no nos sorprende su forma de juego\u201d.<\/strong><\/p>\n<p>\u00a0<\/p>\n<p>  <!--more-->  <\/p>\n<p>Contento y distendido se le pudo observar al presidente de la Comisi\u00f3n de F\u00fatbol de Azul Azul, Jos\u00e9 Yuraszeck, a la salida del Estadio Bicentenario de La Florida. El directivo reconoci\u00f3 que terminar la fase regular de manera invicta es una \u201cbuena satisfacci\u00f3n\u201d. <\/p>\n<p>Pero su expresi\u00f3n cambi\u00f3 cuando se le consult\u00f3 por la posibilidad de que el delantero de Palestino Junior Fernandes aterrice en el CDA para el 2012. Y su respuesta fue tajante. \u201cNo vamos a hablar de refuerzos hasta que termine el campeonato\u201d.<\/p>\n<p>Ante la consulta sobre si el ex Cobreloa satisfac\u00eda su paladar futbol\u00edstico, Yuraszeck se\u00f1al\u00f3 que \u201cno hablo por gustos futbol\u00edsticos, hablo por la \u201cU\u201d y como presidente de la Comisi\u00f3n de F\u00fatbol, y cuando tengamos noticias de jugadores se las vamos a dar a conocer\u201d. <\/p>\n<p>Eso s\u00ed, expres\u00f3 la disposici\u00f3n de la dirigencia azul de cara al mercado de pases veraniego, considerando que 2012 ser\u00e1 un a\u00f1o clave para las huestes laicas. \u201cSiempre estamos pensando en el a\u00f1o siguiente, particularmente el pr\u00f3ximo en que tenemos Apertura, Clausura, Libertadores y Sudamericana. Vamos a necesitar un plantel muy poderoso\u201d.\u00a0\u00a0 <\/p>\n<p>Volviendo a la actualidad, el directivo confes\u00f3 no estar muy asombrado por el nivel de los j\u00f3venes Bravo, Mart\u00ednez y Lichnovsky, figuras en los pastos floridanos y requeridos en las \u00faltimas fechas del campeonato ante la necesidad de alternancia por la gran campa\u00f1a en Copa Sudamericana. \u201cHemos tratado que el plantel se complemente y la mayor parte de los jugadores que hoy jugaron entrenan permanentemente con el primer equipo. Algunos son sparrings y otros reservas, de tal manera que no nos sorprende la forma de juego\u201d.<\/p>\n<p>{mp3}yuraszeckvsaudax{\/mp3}<\/p>\n<p>\u00a0<\/p>\n","protected":false},"excerpt":{"rendered":"<p>De esta manera respondi\u00f3 el directivo ante los rumores sobre el posible arribo de Junior Fernandes al actual campe\u00f3n del f\u00fatbol chileno. Adem\u00e1s, no se mostr\u00f3 muy asombrado del nivel exhibido por juveniles como Bravo, Mart\u00ednez y Lichnovsky, ya que \u201centrenan permanentemente con el primer equipo. Algunos son sparrings y otros reservas, de tal manera [&#8230;]<\/p>\n","protected":false},"author":50,"featured_media":4294,"comment_status":"open","ping_status":"open","sticky":false,"template":"","format":"standard","meta":{"footnotes":""},"categories":[18],"tags":[],"class_list":{"0":"post-2678","1":"post","2":"type-post","3":"status-publish","4":"format-standard","5":"has-post-thumbnail","7":"category-actualidad"},"_links":{"self":[{"href":"https:\/\/www.rincondelbulla.cl\/portal\/wp-json\/wp\/v2\/posts\/2678","targetHints":{"allow":["GET"]}}],"collection":[{"href":"https:\/\/www.rincondelbulla.cl\/portal\/wp-json\/wp\/v2\/posts"}],"about":[{"href":"https:\/\/www.rincondelbulla.cl\/portal\/wp-json\/wp\/v2\/types\/post"}],"author":[{"embeddable":true,"href":"https:\/\/www.rincondelbulla.cl\/portal\/wp-json\/wp\/v2\/users\/50"}],"replies":[{"embeddable":true,"href":"https:\/\/www.rincondelbulla.cl\/portal\/wp-json\/wp\/v2\/comments?post=2678"}],"version-history":[{"count":0,"href":"https:\/\/www.rincondelbulla.cl\/portal\/wp-json\/wp\/v2\/posts\/2678\/revisions"}],"wp:featuredmedia":[{"embeddable":true,"href":"https:\/\/www.rincondelbulla.cl\/portal\/wp-json\/wp\/v2\/media\/4294"}],"wp:attachment":[{"href":"https:\/\/www.rincondelbulla.cl\/portal\/wp-json\/wp\/v2\/media?parent=2678"}],"wp:term":[{"taxonomy":"category","embeddable":true,"href":"https:\/\/www.rincondelbulla.cl\/portal\/wp-json\/wp\/v2\/categories?post=2678"},{"taxonomy":"post_tag","embeddable":true,"href":"https:\/\/www.rincondelbulla.cl\/portal\/wp-json\/wp\/v2\/tags?post=2678"}],"curies":[{"name":"wp","href":"https:\/\/api.w.org\/{rel}","templated":true}]}}