{"id":2956,"date":"2012-05-23T19:06:33","date_gmt":"2012-05-23T19:06:33","guid":{"rendered":"http:\/\/www.rincondelbulla.cl\/portal\/?p=2956"},"modified":"2012-05-23T19:06:33","modified_gmt":"2012-05-23T19:06:33","slug":"sampaoli-creo-que-a-la-u-se-le-hizo-un-dano-enorme","status":"publish","type":"post","link":"https:\/\/www.rincondelbulla.cl\/portal\/2012\/05\/23\/sampaoli-creo-que-a-la-u-se-le-hizo-un-dano-enorme\/","title":{"rendered":"Sampaoli: \u00abCreo que a la &#8216;U&#8217; se le hizo un da\u00f1o enorme\u00bb"},"content":{"rendered":"<figure id=\"attachment_4562\" aria-describedby=\"caption-attachment-4562\" style=\"width: 700px\" class=\"wp-caption alignnone\"><img loading=\"lazy\" decoding=\"async\" class=\" size-full wp-image-4562\" src=\"http:\/\/www.rincondelbulla.cl\/portal\/wp-content\/uploads\/2012\/05\/ffa5995d181a68f34f12d434de180904.jpg\" alt=\"Foto: Claudio C\u00e1ceres\" class=\"caption\" title=\"Jorge Sampaoli molesto con la programaci\u00f3n de playoffs\" width=\"700\" height=\"396\" srcset=\"https:\/\/www.rincondelbulla.cl\/portal\/wp-content\/uploads\/2012\/05\/ffa5995d181a68f34f12d434de180904.jpg 700w, https:\/\/www.rincondelbulla.cl\/portal\/wp-content\/uploads\/2012\/05\/ffa5995d181a68f34f12d434de180904-300x170.jpg 300w, https:\/\/www.rincondelbulla.cl\/portal\/wp-content\/uploads\/2012\/05\/ffa5995d181a68f34f12d434de180904-696x394.jpg 696w\" sizes=\"auto, (max-width: 700px) 100vw, 700px\" \/><figcaption id=\"caption-attachment-4562\" class=\"wp-caption-text\">Jorge Sampaoli molesto con la programaci\u00f3n de playoffs<\/figcaption><\/figure>\n<p><strong>En la antesala de la revancha con Libertad y del choque con Cobreloa por los playoffs, el t\u00e9cnico de Universidad de Chile se quej\u00f3 por la programaci\u00f3n del torneo, la cual siente que es perjudicial para las aspiraciones del actual campe\u00f3n de la Copa Sudamericana.<\/strong>  <!--more--> Universidad de Chile vive d\u00edas decisivos. La &#8216;U&#8217; se prepara para jugar ma\u00f1ana (21:30) el definitorio duelo de revancha con Libertad por los cuartos de final de la Copa Libertadores. Adem\u00e1s, el domingo se medir\u00e1 con Cobreloa en la ida de la llave de los ocho mejores del Apertura. Por eso, el t\u00e9cnico Jorge Sampaoli se quej\u00f3 por la falta de previsi\u00f3n con la calendarizaci\u00f3n del torneo nacional, la cual considera que ha sido perjudicial con los azules.<\/p>\n<p>\u00abEl organizador del campeonato no tuvo ninguna confianza que un equipo chileno iba a avanzar en la Libertadores. Nosotros tenemos la Copa, playoffs, un partido con Santos, un viaje a Jap\u00f3n. Aqu\u00ed alguien se olvid\u00f3 de la &#8216;U&#8217;. El da\u00f1o ya est\u00e1 hecho, porque a tantas competencias sumarle unos playoffs resulta muy complejo\u00bb, se quej\u00f3 el DT del campe\u00f3n chileno.<\/p>\n<p>El argentino agreg\u00f3 que \u00ablo que me preocupa es dar tanta ventaja en playoffs. Y no le encuentro la soluci\u00f3n. No puedo contar con la preparaci\u00f3n necesaria para un partido vital, creo que a la &#8216;U&#8217; se le hizo un da\u00f1o enorme. Nosotros representamos al pa\u00eds y lo \u00fanico que recibimos es no tener a los jugadores para competir. A la Selecci\u00f3n hay que darle todo el apoyo, pero tambi\u00e9n hay que proteger a los clubes que representan a Chile\u00bb.<\/p>\n<p>Los reclamos del t\u00e9cnico fueron m\u00e1s all\u00e1 y sostuvo que \u00abme cuesta ceder la chance de dejar pasar los playoffs, despu\u00e9s de haber estado todo el a\u00f1o puntero. Me cuesta entender qe mis jugadores seleccionados lleguen 10 horas antes de la revancha. A ellos se suma Rodr\u00edguez que estar\u00e1 con Argentina y Ruid\u00edaz con Per\u00fa. Ac\u00e1 no hubo previsi\u00f3n y el perjudicado es la &#8216;U'\u00bb.<\/p>\n<p>En tanto, respecto al duelo de revancha ante Libertad -empat\u00f3 a un tanto en la ida-, Jorge Sampaoli expres\u00f3 su preocupaci\u00f3n por el cerrado duelo que propondr\u00e1n los paraguayos, a quienes consider\u00f3 como los de mejor defensa en la actual versi\u00f3n del certamen continental.<\/p>\n<p>\u00abYa llegar a semifinales ser\u00eda muy lindo para nosotros. No creo que Libertad var\u00ede mucho, porque su esquema lo ha llevado a lugares importantes. Libertad defiende muy bien e intentar\u00e1 neutralizar cada movimiento que haga el equipo, por eso necesitamos muchas variantes para anular a la defensa del rival\u00bb, explic\u00f3.<\/p>\n<p>El oriundo de Casilda manifest\u00f3 que Junior Fernandes volver\u00e1 al equipo titular y finaliz\u00f3 diciendo que \u00abLibertad es un rival muy dif\u00edcil, el m\u00e1s complicado de todos. Seguramente nos pondr\u00e1 un mont\u00f3n de obst\u00e1culos y tratar\u00e1 de hacernos da\u00f1os con la velocidad de sus volantes y delanteros. Ellos son el equipo que mejor defiende en la Copa\u00bb.<\/p>\n<p><strong>Fuente:<\/strong> Prensafutbol.cl<\/p>\n","protected":false},"excerpt":{"rendered":"<p>En la antesala de la revancha con Libertad y del choque con Cobreloa por los playoffs, el t\u00e9cnico de Universidad de Chile se quej\u00f3 por la programaci\u00f3n del torneo, la cual siente que es perjudicial para las aspiraciones del actual campe\u00f3n de la Copa Sudamericana.<\/p>\n","protected":false},"author":1,"featured_media":4562,"comment_status":"open","ping_status":"open","sticky":false,"template":"","format":"standard","meta":{"footnotes":""},"categories":[18],"tags":[454,95,40],"class_list":{"0":"post-2956","1":"post","2":"type-post","3":"status-publish","4":"format-standard","5":"has-post-thumbnail","7":"category-actualidad","8":"tag-actualidad","9":"tag-copa-libertadores-2012","10":"tag-jorge-sampaoli"},"_links":{"self":[{"href":"https:\/\/www.rincondelbulla.cl\/portal\/wp-json\/wp\/v2\/posts\/2956","targetHints":{"allow":["GET"]}}],"collection":[{"href":"https:\/\/www.rincondelbulla.cl\/portal\/wp-json\/wp\/v2\/posts"}],"about":[{"href":"https:\/\/www.rincondelbulla.cl\/portal\/wp-json\/wp\/v2\/types\/post"}],"author":[{"embeddable":true,"href":"https:\/\/www.rincondelbulla.cl\/portal\/wp-json\/wp\/v2\/users\/1"}],"replies":[{"embeddable":true,"href":"https:\/\/www.rincondelbulla.cl\/portal\/wp-json\/wp\/v2\/comments?post=2956"}],"version-history":[{"count":0,"href":"https:\/\/www.rincondelbulla.cl\/portal\/wp-json\/wp\/v2\/posts\/2956\/revisions"}],"wp:featuredmedia":[{"embeddable":true,"href":"https:\/\/www.rincondelbulla.cl\/portal\/wp-json\/wp\/v2\/media\/4562"}],"wp:attachment":[{"href":"https:\/\/www.rincondelbulla.cl\/portal\/wp-json\/wp\/v2\/media?parent=2956"}],"wp:term":[{"taxonomy":"category","embeddable":true,"href":"https:\/\/www.rincondelbulla.cl\/portal\/wp-json\/wp\/v2\/categories?post=2956"},{"taxonomy":"post_tag","embeddable":true,"href":"https:\/\/www.rincondelbulla.cl\/portal\/wp-json\/wp\/v2\/tags?post=2956"}],"curies":[{"name":"wp","href":"https:\/\/api.w.org\/{rel}","templated":true}]}}