{"id":2957,"date":"2012-05-24T10:48:03","date_gmt":"2012-05-24T10:48:03","guid":{"rendered":"http:\/\/www.rincondelbulla.cl\/portal\/?p=2957"},"modified":"2012-05-24T10:48:03","modified_gmt":"2012-05-24T10:48:03","slug":"la-previa-vamos-por-la-semi","status":"publish","type":"post","link":"https:\/\/www.rincondelbulla.cl\/portal\/2012\/05\/24\/la-previa-vamos-por-la-semi\/","title":{"rendered":"La Previa: \u00a1Vamos por la semi!"},"content":{"rendered":"<figure id=\"attachment_4563\" aria-describedby=\"caption-attachment-4563\" style=\"width: 700px\" class=\"wp-caption alignnone\"><img loading=\"lazy\" decoding=\"async\" class=\" size-full wp-image-4563\" src=\"http:\/\/www.rincondelbulla.cl\/portal\/wp-content\/uploads\/2012\/05\/62e970426f624312f014202b967182a4.jpg\" alt=\"Foto: Google\" class=\"caption\" title=\"Comenzamos a vivir la previa por Rinc\u00f3n del Bulla\" width=\"700\" height=\"396\" srcset=\"https:\/\/www.rincondelbulla.cl\/portal\/wp-content\/uploads\/2012\/05\/62e970426f624312f014202b967182a4.jpg 700w, https:\/\/www.rincondelbulla.cl\/portal\/wp-content\/uploads\/2012\/05\/62e970426f624312f014202b967182a4-300x170.jpg 300w, https:\/\/www.rincondelbulla.cl\/portal\/wp-content\/uploads\/2012\/05\/62e970426f624312f014202b967182a4-696x394.jpg 696w\" sizes=\"auto, (max-width: 700px) 100vw, 700px\" \/><figcaption id=\"caption-attachment-4563\" class=\"wp-caption-text\">Comenzamos a vivir la previa por Rinc\u00f3n del Bulla<\/figcaption><\/figure>\n<p><strong>La configuraci\u00f3n de las fechas de los play offs, del Torneo de Apertura; la concentraci\u00f3n de la selecci\u00f3n chilena en Calama y los cuartos de final de la Copa Santander Libertadores han sido un dolor de cabeza constante para Jorge Sampaoli. Pero el equipo est\u00e1 mentalizado. En la previa golearon a Huachipato (4-0) y con equipo alternativo. Por otra parte, ya se ha comenzado a dilucidar cu\u00e1l ser\u00e1 el titular contra los paraguayos. Revisa esto y m\u00e1s aqu\u00ed en el <em>Rinc\u00f3n del Bulla.<\/em><\/strong> <!--more--> El equipo dirigido por Jorge Sampaoli termin\u00f3 en la primera ubicaci\u00f3n de la fase regular del Torneo de Apertura y culmin\u00f3 su participaci\u00f3n en dicha fase goleando a Huachipato por cuatro goles contra cero el domingo en el Estadio Santa Laura. Ahora deber\u00e1 medirse con Cobreloa en los cuartos de final del campeonato local, pero con la asignaci\u00f3n de fechas para estos partidos comenzaron los problemas para el estratega azul. Pero luego de varias conversaciones entre la dirigencia azul y la ANFP se lleg\u00f3 a un acuerdo. Acuerdo que no dej\u00f3 del todo satisfecho al oriundo de Casilda porque los jugadores seleccionados se reintegrar\u00e1n al equipo apenas dos d\u00edas antes del partido de vuelta con los lo\u00ednos.<\/p>\n<p>Por otro lado, ya hubo noticias alegres respecto al partido contra Libertad de Paraguay. Junior Fernandes, quien ya se recuper\u00f3 de su lesi\u00f3n muscular, volver\u00e1 a la oncena titular para acompa\u00f1ar a Angelo Henr\u00edquez en la ofensiva del cuadro laico.<\/p>\n<p>El capit\u00e1n azul, Jos\u00e9 \u201cPepe\u201d Rojas, sac\u00f3 la voz en la previa del duelo copero y se refiri\u00f3 al rival que deber\u00e1n enfrentar este jueves en el Estadio Nacional. \u201cCreo que uno tiene que mantener la calma, porque todos los partidos son diferentes. Libertad viene a buscar la clasificaci\u00f3n, pero esperamos que sea un bonito encuentro y asumiremos los riesgos como siempre ha sido. Esperamos seguir avanzando en esta Copa, que es el anhelo de todos\u201d, dijo Rojas, asegurando sus intenciones de seguir avanzando en el certamen continental.<\/p>\n<p>\u201cLibertad no vendr\u00e1 a buscar el partido, jugar\u00e1 como siempre tratando de buscar transiciones, atacar\u00e1 con tres o cuatro jugadores como m\u00e1ximo. En la medida que vean que la no clasificaci\u00f3n est\u00e9 cerca, quiz\u00e1s tomen una determinaci\u00f3n diferente\u201d, fueron las<\/p>\n<p>palabras del t\u00e9cnico Sampaoli para referirse al partido v\u00e1lido por los cuartos de final de la Copa Libertadores. Tambi\u00e9n agreg\u00f3 que \u201ces el rival m\u00e1s dif\u00edcil, buscar\u00e1 causar nuestro error cerrando espacios. Pero esta U tiene mucho m\u00e1s de funcionamiento de equipo\u201d, dejando en claro que no se siente confiado ante ning\u00fan rival.<\/p>\n<p>Con esto, los once que saldr\u00e1n a buscar la clasificaci\u00f3n al pasto del Nacional ser\u00edan:<strong> Johnny Herrera<\/strong>; <strong>Jos\u00e9 Rojas<\/strong>,<strong> Osvaldo Gonz\u00e1lez<\/strong>, <strong>Igor Lichnovsky<\/strong>; <strong>Mat\u00edas Rodr\u00edguez<\/strong>, <strong>Marcelo D\u00edaz<\/strong>, <strong>Charles Ar\u00e1nguiz<\/strong>, <strong>Eugenio Mena<\/strong>; <strong>Gustavo Lorenzetti<\/strong>, <strong>Junior Fernandes<\/strong> y <strong>Angelo Henr\u00edquez<\/strong>.<\/p>\n<p><strong>Rival de turno<\/strong><\/p>\n<p>Los paraguayos vienen sabiendo, y diciendo, que se enfrentan con un equipo complicado. Y as\u00ed lo ha recalcado su t\u00e9cnico, el ex mundialista Jorge Burruchaga. \u201ca pesar de que la U logr\u00f3 convertir, la llave est\u00e1 abierta\u201d, porque \u201cel cero no nos sirve, pero hay que tener en cuenta que el partido dura 90 minutos. Estamos necesitados, pero no apurados. No creo que la U vaya a cambiar, y nosotros tenemos que robarle la pelota para que no nos maneje el juego y ser compactos\u201d, dijo el t\u00e9cnico argentino.<\/p>\n<p>Otro que habl\u00f3 del partido, que definir\u00e1 al \u00faltimo semifinalista de la Copa, fue Sergio Aquino. \u00abel jueves nos jugamos todas nuestras posibilidades, la vez pasada nos fue bien pero por esas cosas del futbol el adversario lleg\u00f3 al empate\u00bb, dijo \u201cPatito\u201d.<\/p>\n<p>La posible formaci\u00f3n con la que se presentar\u00edan los de Libertad ser\u00eda: Rodrigo Mu\u00f1oz; Carlos Bonet, Cristian Nasuti, Ismael Benegas y Miguel Samudio, V\u00edctor Ayala, V\u00edctor C\u00e1ceres, Sergio Aquino y Luciano Civelli, Jos\u00e9 Ariel N\u00fa\u00f1ez y Pablo Vel\u00e1zquez.<\/p>\n<p>Los equipos saldr\u00e1n a la cancha el jueves 24 de mayo (fecha en que se conmemoran los 85 a\u00f1os de vida de nuestro club) a las 21:30 horas en el Estadio Nacional. El partido ser\u00e1 dirigido por el pito colombiano Wilmar Rold\u00e1n, quien ser\u00e1 secundado por sus compatriotas Humberto Clavijo y Eduardo D\u00edaz. El cuarto juez ser\u00e1 Adri\u00e1n V\u00e9lez, tambi\u00e9n colombiano.<\/p>\n<p><strong>\u00a1No olvides que puedes seguir el partido en vivo por el Rinc\u00f3n del Bulla!<\/strong><\/p>\n","protected":false},"excerpt":{"rendered":"<p>La configuraci\u00f3n de las fechas de los play offs, del Torneo de Apertura; la concentraci\u00f3n de la selecci\u00f3n chilena en Calama y los cuartos de final de la Copa Santander Libertadores han sido un dolor de cabeza constante para Jorge Sampaoli. Pero el equipo est\u00e1 mentalizado. En la previa golearon a Huachipato (4-0) y con [&#8230;]<\/p>\n","protected":false},"author":61,"featured_media":4563,"comment_status":"open","ping_status":"open","sticky":false,"template":"","format":"standard","meta":{"footnotes":""},"categories":[18],"tags":[454,95,37],"class_list":{"0":"post-2957","1":"post","2":"type-post","3":"status-publish","4":"format-standard","5":"has-post-thumbnail","7":"category-actualidad","8":"tag-actualidad","9":"tag-copa-libertadores-2012","10":"tag-la-previa"},"_links":{"self":[{"href":"https:\/\/www.rincondelbulla.cl\/portal\/wp-json\/wp\/v2\/posts\/2957","targetHints":{"allow":["GET"]}}],"collection":[{"href":"https:\/\/www.rincondelbulla.cl\/portal\/wp-json\/wp\/v2\/posts"}],"about":[{"href":"https:\/\/www.rincondelbulla.cl\/portal\/wp-json\/wp\/v2\/types\/post"}],"author":[{"embeddable":true,"href":"https:\/\/www.rincondelbulla.cl\/portal\/wp-json\/wp\/v2\/users\/61"}],"replies":[{"embeddable":true,"href":"https:\/\/www.rincondelbulla.cl\/portal\/wp-json\/wp\/v2\/comments?post=2957"}],"version-history":[{"count":0,"href":"https:\/\/www.rincondelbulla.cl\/portal\/wp-json\/wp\/v2\/posts\/2957\/revisions"}],"wp:featuredmedia":[{"embeddable":true,"href":"https:\/\/www.rincondelbulla.cl\/portal\/wp-json\/wp\/v2\/media\/4563"}],"wp:attachment":[{"href":"https:\/\/www.rincondelbulla.cl\/portal\/wp-json\/wp\/v2\/media?parent=2957"}],"wp:term":[{"taxonomy":"category","embeddable":true,"href":"https:\/\/www.rincondelbulla.cl\/portal\/wp-json\/wp\/v2\/categories?post=2957"},{"taxonomy":"post_tag","embeddable":true,"href":"https:\/\/www.rincondelbulla.cl\/portal\/wp-json\/wp\/v2\/tags?post=2957"}],"curies":[{"name":"wp","href":"https:\/\/api.w.org\/{rel}","templated":true}]}}