{"id":2970,"date":"2012-05-25T23:17:26","date_gmt":"2012-05-25T23:17:26","guid":{"rendered":"http:\/\/www.rincondelbulla.cl\/portal\/?p=2970"},"modified":"2012-05-25T23:17:26","modified_gmt":"2012-05-25T23:17:26","slug":"presidente-de-la-u-descarta-solicitar-cambio-de-fecha-para-disputar-los-playoffs","status":"publish","type":"post","link":"https:\/\/www.rincondelbulla.cl\/portal\/2012\/05\/25\/presidente-de-la-u-descarta-solicitar-cambio-de-fecha-para-disputar-los-playoffs\/","title":{"rendered":"Presidente de la U descarta solicitar cambio de fecha para disputar los playoffs"},"content":{"rendered":"<figure id=\"attachment_4576\" aria-describedby=\"caption-attachment-4576\" style=\"width: 700px\" class=\"wp-caption alignnone\"><img loading=\"lazy\" decoding=\"async\" class=\" size-full wp-image-4576\" src=\"http:\/\/www.rincondelbulla.cl\/portal\/wp-content\/uploads\/2012\/05\/d445b01ba03740c92cedaef09d42b01f.jpg\" alt=\"Foto: Google\" class=\"caption\" title=\"Un complejo calendario le espera a la U\" width=\"700\" height=\"396\" srcset=\"https:\/\/www.rincondelbulla.cl\/portal\/wp-content\/uploads\/2012\/05\/d445b01ba03740c92cedaef09d42b01f.jpg 700w, https:\/\/www.rincondelbulla.cl\/portal\/wp-content\/uploads\/2012\/05\/d445b01ba03740c92cedaef09d42b01f-300x170.jpg 300w, https:\/\/www.rincondelbulla.cl\/portal\/wp-content\/uploads\/2012\/05\/d445b01ba03740c92cedaef09d42b01f-696x394.jpg 696w\" sizes=\"auto, (max-width: 700px) 100vw, 700px\" \/><figcaption id=\"caption-attachment-4576\" class=\"wp-caption-text\">Un complejo calendario le espera a la U<\/figcaption><\/figure>\n<p><strong>Ante la cercan\u00eda de dos duelos trascendentales, el 11 de junio ante Cobreloa por la vuelta de los cuartos del Apertura y del 14 de la ida con Boca por las semifinales de la Libertadores, Jos\u00e9 Yuraszeck se\u00f1al\u00f3 que \u00abest\u00e1 programado as\u00ed y hay que acatar\u00bb.<\/strong> <!--more--> Tras la clasificaci\u00f3n de Universidad de Chile a las semifinales de la Copa Libertadores, el t\u00e9cnico de los azules, Jorge Sampaoli, fue claro en manifestar su molestia por la programaci\u00f3n de los playoffs del Torneo de Apertura.<\/p>\n<p>La U se medir\u00e1 el 11 de junio ante Cobreloa por el duelo de vuelta de los cuartos de final del campeonato nacional y tres d\u00edas despu\u00e9s visitar\u00e1 a Boca Juniors en Buenos Aires por la semifinal de ida del torneo continental.<\/p>\n<p>Ante esto el DT del elenco laico se\u00f1al\u00f3 que \u00abojal\u00e1 que alguien entienda que estamos representando a este pa\u00eds. Esperamos que podamos tener mayor tiempo para preparar ambos duelos de clasificaci\u00f3n, pero ac\u00e1 eso no ocurre. Preparar dos partidos tan trascendentales en tan poco tiempo, es casi imposible. Claramente estamos dando mucha ventaja\u00bb.<\/p>\n<p>Sin embargo, la petici\u00f3n del adiestrador se ve muy lejana ya que el presidente de Azul Azul, Jos\u00e9 Yuraszeck, descart\u00f3 una posible solicitud a la ANFP para un eventual cambio de fecha de los juegos finales del certamen criollo.<\/p>\n<p>\u00abMe encantar\u00eda que las fechas fueran distintas, pero ya est\u00e1 programado as\u00ed y hay que acatar, jugar y ganar, aunque ser\u00e1 tremendamente dif\u00edcil\u00bb, expres\u00f3 el timonel de los universitarios.<\/p>\n<p>A esto se agrega que la U sumar\u00e1 otro problema m\u00e1s que ser\u00e1 el desgaste de ocho integrantes de su plantel. Jos\u00e9 Rojas, Osvaldo Gonz\u00e1lez, Marcelo D\u00edaz, Eugenio Mena, Charles Ar\u00e1nguiz y Junior Fernandes vendr\u00e1n de disputar los partidos por la selecci\u00f3n chilena ante Bolivia y Venezuela. Mientras que otros dos, Ra\u00fal Ruid\u00edaz en Per\u00fa, y Mat\u00edas Rodr\u00edguez en Argentina, pasar\u00e1n por lo mismo.<\/p>\n<p>As\u00ed, el panorama que espera Sampaoli con la U es que el 9 de junio la media docena de seleccionados de la \u00abRoja\u00bb estar\u00e1n ante Venezuela; el 11 ante Cobreloa y el 14 frente a Boca Juniors.<\/p>\n<p><strong>Fuente:<\/strong> Emol.com<\/p>\n","protected":false},"excerpt":{"rendered":"<p>Ante la cercan\u00eda de dos duelos trascendentales, el 11 de junio ante Cobreloa por la vuelta de los cuartos del Apertura y del 14 de la ida con Boca por las semifinales de la Libertadores, Jos\u00e9 Yuraszeck se\u00f1al\u00f3 que \u00abest\u00e1 programado as\u00ed y hay que acatar\u00bb.<\/p>\n","protected":false},"author":1,"featured_media":4576,"comment_status":"open","ping_status":"open","sticky":false,"template":"","format":"standard","meta":{"footnotes":""},"categories":[18],"tags":[454,94,95,64],"class_list":{"0":"post-2970","1":"post","2":"type-post","3":"status-publish","4":"format-standard","5":"has-post-thumbnail","7":"category-actualidad","8":"tag-actualidad","9":"tag-apertura-2012","10":"tag-copa-libertadores-2012","11":"tag-jose-yuraszeck"},"_links":{"self":[{"href":"https:\/\/www.rincondelbulla.cl\/portal\/wp-json\/wp\/v2\/posts\/2970","targetHints":{"allow":["GET"]}}],"collection":[{"href":"https:\/\/www.rincondelbulla.cl\/portal\/wp-json\/wp\/v2\/posts"}],"about":[{"href":"https:\/\/www.rincondelbulla.cl\/portal\/wp-json\/wp\/v2\/types\/post"}],"author":[{"embeddable":true,"href":"https:\/\/www.rincondelbulla.cl\/portal\/wp-json\/wp\/v2\/users\/1"}],"replies":[{"embeddable":true,"href":"https:\/\/www.rincondelbulla.cl\/portal\/wp-json\/wp\/v2\/comments?post=2970"}],"version-history":[{"count":0,"href":"https:\/\/www.rincondelbulla.cl\/portal\/wp-json\/wp\/v2\/posts\/2970\/revisions"}],"wp:featuredmedia":[{"embeddable":true,"href":"https:\/\/www.rincondelbulla.cl\/portal\/wp-json\/wp\/v2\/media\/4576"}],"wp:attachment":[{"href":"https:\/\/www.rincondelbulla.cl\/portal\/wp-json\/wp\/v2\/media?parent=2970"}],"wp:term":[{"taxonomy":"category","embeddable":true,"href":"https:\/\/www.rincondelbulla.cl\/portal\/wp-json\/wp\/v2\/categories?post=2970"},{"taxonomy":"post_tag","embeddable":true,"href":"https:\/\/www.rincondelbulla.cl\/portal\/wp-json\/wp\/v2\/tags?post=2970"}],"curies":[{"name":"wp","href":"https:\/\/api.w.org\/{rel}","templated":true}]}}