{"id":2975,"date":"2012-05-27T15:39:12","date_gmt":"2012-05-27T15:39:12","guid":{"rendered":"http:\/\/www.rincondelbulla.cl\/portal\/?p=2975"},"modified":"2012-05-27T15:39:12","modified_gmt":"2012-05-27T15:39:12","slug":"la-u-quiere-cerrar-una-semana-perfecta-y-dar-el-primer-golpe-ante-cobreloa","status":"publish","type":"post","link":"https:\/\/www.rincondelbulla.cl\/portal\/2012\/05\/27\/la-u-quiere-cerrar-una-semana-perfecta-y-dar-el-primer-golpe-ante-cobreloa\/","title":{"rendered":"La Previa: Calama, primera escala hacia el tricampeonato"},"content":{"rendered":"<figure id=\"attachment_4581\" aria-describedby=\"caption-attachment-4581\" style=\"width: 700px\" class=\"wp-caption alignnone\"><img loading=\"lazy\" decoding=\"async\" class=\" size-full wp-image-4581\" src=\"http:\/\/www.rincondelbulla.cl\/portal\/wp-content\/uploads\/2012\/05\/2cdbed97a3252cdb5d2744be0d0f852f.jpg\" alt=\"Foto: Claudio C\u00e1ceres\" class=\"caption\" title=\"La U quiere extender las celebraciones ante Cobreloa\" width=\"700\" height=\"396\" srcset=\"https:\/\/www.rincondelbulla.cl\/portal\/wp-content\/uploads\/2012\/05\/2cdbed97a3252cdb5d2744be0d0f852f.jpg 700w, https:\/\/www.rincondelbulla.cl\/portal\/wp-content\/uploads\/2012\/05\/2cdbed97a3252cdb5d2744be0d0f852f-300x170.jpg 300w, https:\/\/www.rincondelbulla.cl\/portal\/wp-content\/uploads\/2012\/05\/2cdbed97a3252cdb5d2744be0d0f852f-696x394.jpg 696w\" sizes=\"auto, (max-width: 700px) 100vw, 700px\" \/><figcaption id=\"caption-attachment-4581\" class=\"wp-caption-text\">La U quiere extender las celebraciones ante Cobreloa<\/figcaption><\/figure>\n<p><strong>Desde las 16 horas Universidad de Chile enfrenta a un \u201ccrecido\u201d Cobreloa, repitiendo as\u00ed la final del clausura 2011.<\/strong>&nbsp;  <!--more--> Los azules tuvieron que dar r\u00e1pidamente vuelta la p\u00e1gina tras la sufrida clasificaci\u00f3n a semifinales de la Copa Libertadores, donde enfrentaran a Boca Juniors. Ahora en el horizonte aparece Cobreloa, por el partido de ida de los cuartos de final&nbsp; en el Estadio Municipal de Calama.<\/p>\n<p>Para este encuentro los azules tienen una baja sensible. El capit\u00e1n Jos\u00e9 Rojas sufre una molestia en su muslo izquierdo por lo que no viaj\u00f3 a la segunda regi\u00f3n.<\/p>\n<p>El Pepe se realiz\u00f3 los ex\u00e1menes de rigor y el resultado no es para preocuparse como se baraj\u00f3 en las primeras horas. Su vacante en el equipo ser\u00eda suplida por Igor Lichnovsky. Otras bajas obligatorias del plantel son Emilio Hern\u00e1ndez (suspendido), Eduardo Morante y Cristi\u00e1n Mart\u00ednez.<\/p>\n<p>As\u00ed el cuadro M\u00e1gico saltar\u00eda al gramado calame\u00f1o con <strong>Johnny Herrera en porter\u00eda; Igor Lichnovsky, Albert Acevedo, y Osvaldo Gonz\u00e1lez en la retaguardia; Mat\u00edas Rodr\u00edguez, Charles Ar\u00e1nguiz, Marcelo D\u00edaz y Eugenio Mena en medio terreno; dejando en el ataque a Gustavo Lorenzetti, Junior Fernandes y \u00c1ngelo Her\u00edquez<\/strong>.<\/p>\n<p><strong>EL TORRENTE LO\u00cdNO<\/strong><\/p>\n<p>Tras la salida del Nelson Acosta, Cobreloa tuvo un alza en su juego que los llev\u00f3 a instalarse en los&nbsp; play-off. El cerebro de esta remontada ha sido el t\u00e9cnico argentino Javier Torrente, quien le ha dado una filosof\u00eda distinta de juego a los nortinos, en relaci\u00f3n a la que ten\u00edan con el ex DT. nacional.<\/p>\n<p>As\u00ed lo cree el defensa naranja, Sebasti\u00e1n Rocco, quien asegur\u00f3 a Radio Cooperativa que \u201clo que lleg\u00f3 a realizar el cuerpo t\u00e9cnico es muy importante, nos han sacado el mayor provecho a cada jugador. Restando cinco fechas, nadie pensaba que Cobreloa iba a estar en play-offs. Han sido un conjunto de cosas, donde el equipo y jugadores han canalizado bien lo que ha tra\u00eddo el cuerpo t\u00e9cnico\u201d.<\/p>\n<p>En lo futbol\u00edstico el rapado defensor asegur\u00f3 que \u201cya sabemos como tenemos que jugarle a la U y sin duda que va a ser un partido muy duro para nosotros\u201d, concluy\u00f3.<\/p>\n<p>El once dispuesto por Torrente para enfrentar al Le\u00f3n ser\u00eda con Luciano Palos bajo los tres palos; Miguel Sanhueza, Cristi\u00e1n Su\u00e1rez, Sebasti\u00e1n Rocco y Sebasti\u00e1n Villegas en labores defensivas; Gerson Mart\u00ednez, Felipe Rojas, Rodolfo Gonz\u00e1lez y Jos\u00e9 Luis D\u00edaz&nbsp; en la mitad de cancha; cierran el posible equipo titular Felipe Flores y Cristi\u00e1n Milla&nbsp; en delantera.<\/p>\n<p>El Cuadro M\u00e1gico visita al equipo calame\u00f1o a partir de las 16:00 horas en el Estadio Municipal en un duelo dirigido por Julio Bascu\u00f1an y\u2026&nbsp; <strong>\u00a1No olvides que puedes seguir el partido en vivo por el Rinc\u00f3n del Bulla!<\/strong><\/p>\n","protected":false},"excerpt":{"rendered":"<p>Desde las 16 horas Universidad de Chile enfrenta a un \u201ccrecido\u201d Cobreloa, repitiendo as\u00ed la final del clausura 2011.&nbsp;<\/p>\n","protected":false},"author":63,"featured_media":4581,"comment_status":"open","ping_status":"open","sticky":false,"template":"","format":"standard","meta":{"footnotes":""},"categories":[18],"tags":[454,94,37],"class_list":{"0":"post-2975","1":"post","2":"type-post","3":"status-publish","4":"format-standard","5":"has-post-thumbnail","7":"category-actualidad","8":"tag-actualidad","9":"tag-apertura-2012","10":"tag-la-previa"},"_links":{"self":[{"href":"https:\/\/www.rincondelbulla.cl\/portal\/wp-json\/wp\/v2\/posts\/2975","targetHints":{"allow":["GET"]}}],"collection":[{"href":"https:\/\/www.rincondelbulla.cl\/portal\/wp-json\/wp\/v2\/posts"}],"about":[{"href":"https:\/\/www.rincondelbulla.cl\/portal\/wp-json\/wp\/v2\/types\/post"}],"author":[{"embeddable":true,"href":"https:\/\/www.rincondelbulla.cl\/portal\/wp-json\/wp\/v2\/users\/63"}],"replies":[{"embeddable":true,"href":"https:\/\/www.rincondelbulla.cl\/portal\/wp-json\/wp\/v2\/comments?post=2975"}],"version-history":[{"count":0,"href":"https:\/\/www.rincondelbulla.cl\/portal\/wp-json\/wp\/v2\/posts\/2975\/revisions"}],"wp:featuredmedia":[{"embeddable":true,"href":"https:\/\/www.rincondelbulla.cl\/portal\/wp-json\/wp\/v2\/media\/4581"}],"wp:attachment":[{"href":"https:\/\/www.rincondelbulla.cl\/portal\/wp-json\/wp\/v2\/media?parent=2975"}],"wp:term":[{"taxonomy":"category","embeddable":true,"href":"https:\/\/www.rincondelbulla.cl\/portal\/wp-json\/wp\/v2\/categories?post=2975"},{"taxonomy":"post_tag","embeddable":true,"href":"https:\/\/www.rincondelbulla.cl\/portal\/wp-json\/wp\/v2\/tags?post=2975"}],"curies":[{"name":"wp","href":"https:\/\/api.w.org\/{rel}","templated":true}]}}