{"id":2976,"date":"2012-05-27T22:05:02","date_gmt":"2012-05-27T22:05:02","guid":{"rendered":"http:\/\/www.rincondelbulla.cl\/portal\/?p=2976"},"modified":"2012-05-27T22:05:02","modified_gmt":"2012-05-27T22:05:02","slug":"la-altura-no-fue-un-problema-la-u-doblego-a-cobreloa-en-calama","status":"publish","type":"post","link":"https:\/\/www.rincondelbulla.cl\/portal\/2012\/05\/27\/la-altura-no-fue-un-problema-la-u-doblego-a-cobreloa-en-calama\/","title":{"rendered":"La altura no fue un problema: la &#8216;U&#8217; dobleg\u00f3 a Cobreloa en Calama"},"content":{"rendered":"<figure id=\"attachment_4582\" aria-describedby=\"caption-attachment-4582\" style=\"width: 700px\" class=\"wp-caption alignnone\"><img loading=\"lazy\" decoding=\"async\" class=\" size-full wp-image-4582\" src=\"http:\/\/www.rincondelbulla.cl\/portal\/wp-content\/uploads\/2012\/05\/f8caa88166540a4fca61e38d6e528875.jpg\" alt=\"\" class=\"caption\" title=\"Los azules celebran en Calama\" width=\"700\" height=\"396\" srcset=\"https:\/\/www.rincondelbulla.cl\/portal\/wp-content\/uploads\/2012\/05\/f8caa88166540a4fca61e38d6e528875.jpg 700w, https:\/\/www.rincondelbulla.cl\/portal\/wp-content\/uploads\/2012\/05\/f8caa88166540a4fca61e38d6e528875-300x170.jpg 300w, https:\/\/www.rincondelbulla.cl\/portal\/wp-content\/uploads\/2012\/05\/f8caa88166540a4fca61e38d6e528875-696x394.jpg 696w\" sizes=\"auto, (max-width: 700px) 100vw, 700px\" \/><figcaption id=\"caption-attachment-4582\" class=\"wp-caption-text\">Los azules celebran en Calama<\/figcaption><\/figure>\n<p><strong>Un partido perfecto fue el que realiz\u00f3 Universidad de Chile esta tarde en Calama. Los azules se impusieron por dos tantos a cero al local y dejaron, casi, amarrada la llave para pasar a semifinal del Apertura 2012. Con grandes actuaciones individuales, la U demostr\u00f3 que est\u00e1 por sobre los dem\u00e1s equipos en Chile y, adem\u00e1s, ratific\u00f3 que todo lo que viene haciendo en el \u00e1mbito internacional, no es producto de la casualidad sino de un trabajo espectacular del cuerpo t\u00e9cnico y jugadores.<\/strong> <!--more--> Si bien es cierto, el torneo nacional no genera el mismo nerviosismo de la Copa Libertadores, m\u00e1s a\u00fan sabiendo que los otros tres clasificados a semifinales se saben hoy, la U entr\u00f3 a la cancha del Municipal de Calama a jugar, reci\u00e9n, la ida de esta llave. Pero a\u00fan sabiendo todo esto, los azules se pararon como si fueran locales, por el p\u00fablico y por c\u00f3mo corrieron en la altura.<\/p>\n<p>Siempre hubo un dominio azul, durante todo el encuentro, desde el pitazo inicial hasta el \u00faltimo minuto de descuento, por eso no extra\u00f1o cuando Ar\u00e1nguiz anot\u00f3 el primero tras gran habilitaci\u00f3n de Junior Fern\u00e1ndes. Corr\u00edan los 8 primeros minutos y la U ya se pon\u00eda en ventaja.<\/p>\n<p>De ah\u00ed en m\u00e1s, todo para la U, sin embargo y, a pesar de las llegadas con peligro, el Le\u00f3n no ratificaba que el 0-1 era mezquino y todo casi se derrumba tras una falta en el \u00e1rea de Osvaldo Gonz\u00e1lez, que tras unos segundos de duda, fue sancionada por el juez de l\u00ednea y, posteriormente, por el arbitro.<\/p>\n<p>Pero en el arco no estaba cualquier persona. Johnny Herrera, el mejor portero de Am\u00e9rica se par\u00f3 bajo los tres palos y, con algo de intuici\u00f3n y fortuna, detuvo con los pies el remate del especialista D\u00edaz de los locales. Las cosas segu\u00edan 0-1 y Herrera segu\u00eda dando razones para hacerle un monumento.<\/p>\n<p>En el segundo tiempo el tr\u00e1mite sigui\u00f3 igual, tanto as\u00ed que a los 13\u2019, tras otro centro de Fern\u00e1ndes, un jugador lo\u00edno desvi\u00f3 el bal\u00f3n, quedando servido para que Mat\u00edas Rodr\u00edguez hiciera lo suyo. Una contorci\u00f3n espectacular, una chilena de maravilla que se clav\u00f3 en el arco de los naranjas y cerraba el partido. 0-2 y no hab\u00eda nada m\u00e1s que hacer por parte del local.<\/p>\n<p>Para destacar la fuerza y resistencia f\u00edsica de los jugadores azules, quienes despu\u00e9s de una carga de partidos incre\u00edble, corrieron en la altura de Calama como si estuviera comenzando el a\u00f1o. Si las cosas siguen as\u00ed, al menos en Chile, no nos para nadie.<\/p>\n","protected":false},"excerpt":{"rendered":"<p>Un partido perfecto fue el que realiz\u00f3 Universidad de Chile esta tarde en Calama. Los azules se impusieron por dos tantos a cero al local y dejaron, casi, amarrada la llave para pasar a semifinal del Apertura 2012. Con grandes actuaciones individuales, la U demostr\u00f3 que est\u00e1 por sobre los dem\u00e1s equipos en Chile y, [&#8230;]<\/p>\n","protected":false},"author":57,"featured_media":4582,"comment_status":"open","ping_status":"open","sticky":false,"template":"","format":"standard","meta":{"footnotes":""},"categories":[18],"tags":[454,94],"class_list":{"0":"post-2976","1":"post","2":"type-post","3":"status-publish","4":"format-standard","5":"has-post-thumbnail","7":"category-actualidad","8":"tag-actualidad","9":"tag-apertura-2012"},"_links":{"self":[{"href":"https:\/\/www.rincondelbulla.cl\/portal\/wp-json\/wp\/v2\/posts\/2976","targetHints":{"allow":["GET"]}}],"collection":[{"href":"https:\/\/www.rincondelbulla.cl\/portal\/wp-json\/wp\/v2\/posts"}],"about":[{"href":"https:\/\/www.rincondelbulla.cl\/portal\/wp-json\/wp\/v2\/types\/post"}],"author":[{"embeddable":true,"href":"https:\/\/www.rincondelbulla.cl\/portal\/wp-json\/wp\/v2\/users\/57"}],"replies":[{"embeddable":true,"href":"https:\/\/www.rincondelbulla.cl\/portal\/wp-json\/wp\/v2\/comments?post=2976"}],"version-history":[{"count":0,"href":"https:\/\/www.rincondelbulla.cl\/portal\/wp-json\/wp\/v2\/posts\/2976\/revisions"}],"wp:featuredmedia":[{"embeddable":true,"href":"https:\/\/www.rincondelbulla.cl\/portal\/wp-json\/wp\/v2\/media\/4582"}],"wp:attachment":[{"href":"https:\/\/www.rincondelbulla.cl\/portal\/wp-json\/wp\/v2\/media?parent=2976"}],"wp:term":[{"taxonomy":"category","embeddable":true,"href":"https:\/\/www.rincondelbulla.cl\/portal\/wp-json\/wp\/v2\/categories?post=2976"},{"taxonomy":"post_tag","embeddable":true,"href":"https:\/\/www.rincondelbulla.cl\/portal\/wp-json\/wp\/v2\/tags?post=2976"}],"curies":[{"name":"wp","href":"https:\/\/api.w.org\/{rel}","templated":true}]}}