{"id":2977,"date":"2012-05-27T23:00:00","date_gmt":"2012-05-27T23:00:00","guid":{"rendered":"http:\/\/www.rincondelbulla.cl\/portal\/?p=2977"},"modified":"2012-05-27T23:00:00","modified_gmt":"2012-05-27T23:00:00","slug":"marcelo-diaz-los-que-dicen-que-estamos-cansados-no-nos-conocen","status":"publish","type":"post","link":"https:\/\/www.rincondelbulla.cl\/portal\/2012\/05\/27\/marcelo-diaz-los-que-dicen-que-estamos-cansados-no-nos-conocen\/","title":{"rendered":"Marcelo D\u00edaz : \u00abLos que dicen que estamos cansados, no nos conocen\u00bb"},"content":{"rendered":"<figure id=\"attachment_4583\" aria-describedby=\"caption-attachment-4583\" style=\"width: 700px\" class=\"wp-caption alignnone\"><img loading=\"lazy\" decoding=\"async\" class=\" size-full wp-image-4583\" src=\"http:\/\/www.rincondelbulla.cl\/portal\/wp-content\/uploads\/2012\/05\/10a4747ed68e10029a24440c43ae0996.jpg\" alt=\"Foto: Agencia Uno\" class=\"caption\" title=\"Marcelo D\u00edaz confiesa que f\u00edsicamente se encuentran muy bien\" width=\"700\" height=\"396\" srcset=\"https:\/\/www.rincondelbulla.cl\/portal\/wp-content\/uploads\/2012\/05\/10a4747ed68e10029a24440c43ae0996.jpg 700w, https:\/\/www.rincondelbulla.cl\/portal\/wp-content\/uploads\/2012\/05\/10a4747ed68e10029a24440c43ae0996-300x170.jpg 300w, https:\/\/www.rincondelbulla.cl\/portal\/wp-content\/uploads\/2012\/05\/10a4747ed68e10029a24440c43ae0996-696x394.jpg 696w\" sizes=\"auto, (max-width: 700px) 100vw, 700px\" \/><figcaption id=\"caption-attachment-4583\" class=\"wp-caption-text\">Marcelo D\u00edaz confiesa que f\u00edsicamente se encuentran muy bien<\/figcaption><\/figure>\n<p><strong>Marcelo D\u00edaz, volante de Universidad Chile, se\u00f1al\u00f3 que no han sentido el traj\u00edn de los \u00faltimos partidos y que est\u00e1n aptos para disputar la fase final del Apertura y la Copa Libertadores. Los jugadores azules concordaron en que no deben confiarse de cara a la revancha.<\/strong> <!--more--> Luego de la victoria por 2-0 ante Cobreloa, en la ida de los cuartos de final del Apertura 2012, los jugadores de Universidad de Chile se\u00f1alaron que est\u00e1n bien f\u00edsicamente y que no deben confiarse de cara a la revancha con los lo\u00ednos, pactada para el 11 de junio.<\/p>\n<p>Marcelo D\u00edaz, uno de los grandes valores de la &#8216;U&#8217; este semestre, declar\u00f3 que \u00abdebemos guardar respeto por Cobreloa que es un rival de temer y que ir\u00e1 a buscar su clasificaci\u00f3n a Santiago\u00bb.<\/p>\n<p>Sobre la doble competencia y la cantidad de partidos jugados entre el Apertura y la Copa Libertadores, donde en semifinales se medir\u00e1n ante Boca Juniors, el &#8217;21&#8217; azul apunt\u00f3 que que \u00ablos que dicen que estamos cansados es porque no nos conocen. F\u00edsicamente estamos muy bien\u00bb.<\/p>\n<p>Para Mat\u00edas Rodr\u00edguez, autor del segundo gol, \u00abno hay nada cerrado, pero sacamos una ventaja importante. Era poco el 1-0. Gracias a Dios nos llevamos un 2-0 que nos deja m\u00e1s tranquilos\u00bb.<\/p>\n<p>Albert Acevedo, que ante la lesi\u00f3n de Eduardo Morante se ha transformado en el l\u00edbero del equipo, se\u00f1al\u00f3 que \u00abel partido fue parejo, sobre todo en el primer tiempo. En la segunda mitad dominamos y justificamos la victoria\u00bb.<\/p>\n<p>Sobre la ventaja obtenida antes los de Javier Torrente y el partido de revancha, el 11 de junio en el Estadio Nacional, el ex O&#8217;Higgins no se conf\u00eda. \u00abA\u00fan queda partido y no nos podemos confiar, en el f\u00fatbol no hay nada imposible\u00bb, sentenci\u00f3.<\/p>\n<p><strong>Fuente:<\/strong> Prensafutbol.cl<\/p>\n","protected":false},"excerpt":{"rendered":"<p>Marcelo D\u00edaz, volante de Universidad Chile, se\u00f1al\u00f3 que no han sentido el traj\u00edn de los \u00faltimos partidos y que est\u00e1n aptos para disputar la fase final del Apertura y la Copa Libertadores. Los jugadores azules concordaron en que no deben confiarse de cara a la revancha.<\/p>\n","protected":false},"author":1,"featured_media":4583,"comment_status":"open","ping_status":"open","sticky":false,"template":"","format":"standard","meta":{"footnotes":""},"categories":[18],"tags":[454,94,58],"class_list":{"0":"post-2977","1":"post","2":"type-post","3":"status-publish","4":"format-standard","5":"has-post-thumbnail","7":"category-actualidad","8":"tag-actualidad","9":"tag-apertura-2012","10":"tag-marcelo-diaz"},"_links":{"self":[{"href":"https:\/\/www.rincondelbulla.cl\/portal\/wp-json\/wp\/v2\/posts\/2977","targetHints":{"allow":["GET"]}}],"collection":[{"href":"https:\/\/www.rincondelbulla.cl\/portal\/wp-json\/wp\/v2\/posts"}],"about":[{"href":"https:\/\/www.rincondelbulla.cl\/portal\/wp-json\/wp\/v2\/types\/post"}],"author":[{"embeddable":true,"href":"https:\/\/www.rincondelbulla.cl\/portal\/wp-json\/wp\/v2\/users\/1"}],"replies":[{"embeddable":true,"href":"https:\/\/www.rincondelbulla.cl\/portal\/wp-json\/wp\/v2\/comments?post=2977"}],"version-history":[{"count":0,"href":"https:\/\/www.rincondelbulla.cl\/portal\/wp-json\/wp\/v2\/posts\/2977\/revisions"}],"wp:featuredmedia":[{"embeddable":true,"href":"https:\/\/www.rincondelbulla.cl\/portal\/wp-json\/wp\/v2\/media\/4583"}],"wp:attachment":[{"href":"https:\/\/www.rincondelbulla.cl\/portal\/wp-json\/wp\/v2\/media?parent=2977"}],"wp:term":[{"taxonomy":"category","embeddable":true,"href":"https:\/\/www.rincondelbulla.cl\/portal\/wp-json\/wp\/v2\/categories?post=2977"},{"taxonomy":"post_tag","embeddable":true,"href":"https:\/\/www.rincondelbulla.cl\/portal\/wp-json\/wp\/v2\/tags?post=2977"}],"curies":[{"name":"wp","href":"https:\/\/api.w.org\/{rel}","templated":true}]}}