{"id":2978,"date":"2012-05-27T23:33:44","date_gmt":"2012-05-27T23:33:44","guid":{"rendered":"http:\/\/www.rincondelbulla.cl\/portal\/?p=2978"},"modified":"2012-05-27T23:33:44","modified_gmt":"2012-05-27T23:33:44","slug":"marca-personal-universidad-de-chile-vs-cobreloa","status":"publish","type":"post","link":"https:\/\/www.rincondelbulla.cl\/portal\/2012\/05\/27\/marca-personal-universidad-de-chile-vs-cobreloa\/","title":{"rendered":"Marca Personal: Cobreloa vs. Universidad de Chile"},"content":{"rendered":"<figure id=\"attachment_4584\" aria-describedby=\"caption-attachment-4584\" style=\"width: 700px\" class=\"wp-caption alignnone\"><img loading=\"lazy\" decoding=\"async\" class=\" size-full wp-image-4584\" src=\"http:\/\/www.rincondelbulla.cl\/portal\/wp-content\/uploads\/2012\/05\/c993942768468b0a92cf91306a302af2.jpg\" alt=\"\" class=\"caption\" title=\"Ar\u00e1nguiz, una de las figuras de la U\" width=\"700\" height=\"396\" srcset=\"https:\/\/www.rincondelbulla.cl\/portal\/wp-content\/uploads\/2012\/05\/c993942768468b0a92cf91306a302af2.jpg 700w, https:\/\/www.rincondelbulla.cl\/portal\/wp-content\/uploads\/2012\/05\/c993942768468b0a92cf91306a302af2-300x170.jpg 300w, https:\/\/www.rincondelbulla.cl\/portal\/wp-content\/uploads\/2012\/05\/c993942768468b0a92cf91306a302af2-696x394.jpg 696w\" sizes=\"auto, (max-width: 700px) 100vw, 700px\" \/><figcaption id=\"caption-attachment-4584\" class=\"wp-caption-text\">Ar\u00e1nguiz, una de las figuras de la U<\/figcaption><\/figure>\n<p><strong>Universidad de Chile, aprovechando su jerarqu\u00eda, se trajo una casi clasificaci\u00f3n desde Calama, los azules se impusieron 2 por 0 a Cobreloa en la altura nortina con grandes actuaciones individuales y con una s\u00f3lida participaci\u00f3n colectiva. Los azules, uno a uno, por <em>Rinc\u00f3n del bulla<\/em>.<\/strong> <!--more--> <strong>Johnny Herrera:<\/strong> Una vez m\u00e1s fue el h\u00e9roe de la jornada. Y es que ataj\u00f3 un penal cuando el partido estaba 0-1, que decretaba el empate naranja. Mucho m\u00e1s trabajo no tuvo: Nota: 7.0<\/p>\n<p><strong>Igor Lichnovsky:<\/strong> Bien en la marca y en por arriba, lamentablemente sali\u00f3 lesionado. Nota: 6.0<\/p>\n<p><strong>Osvaldo Gonz\u00e1lez:<\/strong> Le est\u00e1 costando un poco hace algunos partidos. Cometi\u00f3 un penal infantil y fue, quiz\u00e1s, el m\u00e1s bajo del equipo. Nota: 5.5<\/p>\n<p><strong>Albert Acevedo:<\/strong> Muy bien. Fiero e la marca y r\u00e1pido en las coberturas, aunque, a veces, peca de inocente. Nota: 6.0<\/p>\n<p><strong>Mat\u00edas Rodr\u00edguez:<\/strong> No fue el mismo de siempre pero mejor\u00f3, considerablemente, el nivel mostrado en los \u00faltimos partidos. Anot\u00f3 un golazo. Nota: 6.5<\/p>\n<p><strong>Charles Ar\u00e1nguiz:<\/strong> Una de las figuras del partido. Corri\u00f3, marc\u00f3, quit\u00f3, cre\u00f3. Lo hizo todo. Adem\u00e1s, marc\u00f3 el gol que abri\u00f3 el camino. Nota: 7.0<\/p>\n<p><strong>Marcelo D\u00edaz:<\/strong> Otra de las figuras del duelo. No anot\u00f3 pero siempre cre\u00f3 f\u00fatbol y gener\u00f3 peligro en el arco rival. Nota: 7.0<\/p>\n<p><strong>Eugenio Mena:<\/strong> Bien en su banda, gener\u00f3 peligro constante, aunque en el primer tiempo le cost\u00f3 con los centros. Nota: 6.5<\/p>\n<p><strong>Junior Fern\u00e1ndez:<\/strong> Muy bien. Gener\u00f3 peligro con jugadas de antolog\u00eda, meti\u00f3 pases en profundidad que por poco no fueron gol. Nota: 7.0<\/p>\n<p><strong>\u00c1ngelo Henr\u00edquez:<\/strong> Anduvo bajo, aunque le faltaron pelotas y siempre tuvo que ir a pelear, por eso se gana unos bonos. Se cans\u00f3 demasiado en el primer lapso. Nota: 6.0<\/p>\n<p><strong>Gustavo Lorenzetti:<\/strong> Ha crecido una enormidad, futbol\u00edsticamente. Excelente en la generaci\u00f3n de juego y en los pases que meti\u00f3. Nota: 7.0<\/p>\n<p><strong>SUSTITUCIONES<\/strong><\/p>\n<p><strong>Paulo Magalhaes:<\/strong> No le cost\u00f3 como otras veces, incluso tuvo para anotar pero se apur\u00f3. Nota: 6.5<\/p>\n<p><strong>Ra\u00fal Ruid\u00edaz:<\/strong> Bajo en delantera, aunque, como a Henr\u00edquez, le faltaron pelotas para llegar al arco con peligro. Nota: 6.0<\/p>\n<p><strong>Francisco Castro:<\/strong> Estuvo poco tiempo pero gener\u00f3 peligro. Lanz\u00f3 un tiro libre que casi se mete tras un desv\u00edo.<\/p>\n","protected":false},"excerpt":{"rendered":"<p>Universidad de Chile, aprovechando su jerarqu\u00eda, se trajo una casi clasificaci\u00f3n desde Calama, los azules se impusieron 2 por 0 a Cobreloa en la altura nortina con grandes actuaciones individuales y con una s\u00f3lida participaci\u00f3n colectiva. Los azules, uno a uno, por Rinc\u00f3n del bulla.<\/p>\n","protected":false},"author":57,"featured_media":4584,"comment_status":"open","ping_status":"open","sticky":false,"template":"","format":"standard","meta":{"footnotes":""},"categories":[18],"tags":[454,94,43],"class_list":{"0":"post-2978","1":"post","2":"type-post","3":"status-publish","4":"format-standard","5":"has-post-thumbnail","7":"category-actualidad","8":"tag-actualidad","9":"tag-apertura-2012","10":"tag-marca-personal"},"_links":{"self":[{"href":"https:\/\/www.rincondelbulla.cl\/portal\/wp-json\/wp\/v2\/posts\/2978","targetHints":{"allow":["GET"]}}],"collection":[{"href":"https:\/\/www.rincondelbulla.cl\/portal\/wp-json\/wp\/v2\/posts"}],"about":[{"href":"https:\/\/www.rincondelbulla.cl\/portal\/wp-json\/wp\/v2\/types\/post"}],"author":[{"embeddable":true,"href":"https:\/\/www.rincondelbulla.cl\/portal\/wp-json\/wp\/v2\/users\/57"}],"replies":[{"embeddable":true,"href":"https:\/\/www.rincondelbulla.cl\/portal\/wp-json\/wp\/v2\/comments?post=2978"}],"version-history":[{"count":0,"href":"https:\/\/www.rincondelbulla.cl\/portal\/wp-json\/wp\/v2\/posts\/2978\/revisions"}],"wp:featuredmedia":[{"embeddable":true,"href":"https:\/\/www.rincondelbulla.cl\/portal\/wp-json\/wp\/v2\/media\/4584"}],"wp:attachment":[{"href":"https:\/\/www.rincondelbulla.cl\/portal\/wp-json\/wp\/v2\/media?parent=2978"}],"wp:term":[{"taxonomy":"category","embeddable":true,"href":"https:\/\/www.rincondelbulla.cl\/portal\/wp-json\/wp\/v2\/categories?post=2978"},{"taxonomy":"post_tag","embeddable":true,"href":"https:\/\/www.rincondelbulla.cl\/portal\/wp-json\/wp\/v2\/tags?post=2978"}],"curies":[{"name":"wp","href":"https:\/\/api.w.org\/{rel}","templated":true}]}}