{"id":2979,"date":"2012-05-29T12:57:24","date_gmt":"2012-05-29T12:57:24","guid":{"rendered":"http:\/\/www.rincondelbulla.cl\/portal\/?p=2979"},"modified":"2012-05-29T12:57:24","modified_gmt":"2012-05-29T12:57:24","slug":"el-rol-que-tendra-ubilla-en-la-u","status":"publish","type":"post","link":"https:\/\/www.rincondelbulla.cl\/portal\/2012\/05\/29\/el-rol-que-tendra-ubilla-en-la-u\/","title":{"rendered":"El rol que tendr\u00e1 Ubilla en la \u00abU\u00bb"},"content":{"rendered":"<figure id=\"attachment_4585\" aria-describedby=\"caption-attachment-4585\" style=\"width: 700px\" class=\"wp-caption alignnone\"><img loading=\"lazy\" decoding=\"async\" class=\" size-full wp-image-4585\" src=\"http:\/\/www.rincondelbulla.cl\/portal\/wp-content\/uploads\/2012\/05\/bbef2b7b679c4a3f6307636a786d3b79.jpg\" alt=\"Foto: Agencia Uno\" class=\"caption\" title=\"Sebasti\u00e1n Ubilla enfrent\u00f3 a la 'U' durante la fase regular y perdi\u00f3 por 3-0\" width=\"700\" height=\"396\" srcset=\"https:\/\/www.rincondelbulla.cl\/portal\/wp-content\/uploads\/2012\/05\/bbef2b7b679c4a3f6307636a786d3b79.jpg 700w, https:\/\/www.rincondelbulla.cl\/portal\/wp-content\/uploads\/2012\/05\/bbef2b7b679c4a3f6307636a786d3b79-300x170.jpg 300w, https:\/\/www.rincondelbulla.cl\/portal\/wp-content\/uploads\/2012\/05\/bbef2b7b679c4a3f6307636a786d3b79-696x394.jpg 696w\" sizes=\"auto, (max-width: 700px) 100vw, 700px\" \/><figcaption id=\"caption-attachment-4585\" class=\"wp-caption-text\">Sebasti\u00e1n Ubilla enfrent\u00f3 a la &#8216;U&#8217; durante la fase regular y perdi\u00f3 por 3-0<\/figcaption><\/figure>\n<p><strong>El t\u00e9cnico azul Jorge Sampaoli ve al delantero como una opci\u00f3n por la izquierda.<\/strong> <!--more--> Desde comienzos de temporada, Jorge Sampaoli no estaba conforme por la estructura de la delantera de Universidad de Chile. Y si bien despunt\u00f3 Angelo Henr\u00edquez, quien con 12 goles es una de las figuras de la temporada, el DT sigue pensando en mayores alternativas.<\/p>\n<p>Por eso, la llegada de Sebasti\u00e1n Ubilla viene a responder a una necesidad importante del t\u00e9cnico azul, especialmente pensando en la recta final de la Copa Santander Libertadores, donde tendr\u00e1 que enfrentar en una dura llave a Boca Juniors, el 14 y 21 de junio, a las 19.15 y 20.15, respectivamente.<\/p>\n<p>En este sentido, el casildense ve al atacante \u201ccaturro\u201d como una gran alternativa por el sector izquierdo, donde Felipe Gallegos ha mostrado un irregular nivel, al igual que Emilio Hern\u00e1ndez, quien adem\u00e1s sum\u00f3 dos expulsiones consecutivas, que lo privaron de mayores oportunidades.<\/p>\n<p>Junto con ello, la habilidad y velocidad del artillero de la fase regular hacen que sea una de las esperanzas azules para enfrentar a la \u00e1spera zaga \u201cxeneize\u201d, sobre todo si se toma en cuenta que tanto Rolando Schiavi y Juan Insaurralde no tienen entre sus mayores caracter\u00edsticas la rapidez.<\/p>\n<p>Otro de los aspectos que es del agrado del entrenador es la facilidad para picar a las diagonales y desplazarse por todo el frente de ataque.<\/p>\n<p><strong>Firma inminente<\/strong><\/p>\n<p>La negociaci\u00f3n entre Universidad de Chile y Santiago Wanderers ha sido m\u00e1s compleja de lo normal, pues los azules ofrecieron US$ 1,2 mill\u00f3n por la cl\u00e1usula de salida que mantiene el delantero con el cuadro de la Quinta Regi\u00f3n.<\/p>\n<p>Sin embargo, los \u201ccaturros\u201d no estuvieron de acuerdo con esta cifra, por lo que instaron a la \u201cU\u201d a comprar el 40% del pase de Eugenio Mena en US$ 1,2 mill\u00f3n, lo que fue rechazado de plano en Azul Azul.<\/p>\n<p>M\u00e1s all\u00e1 de eso, los universitarios llegaron r\u00e1pidamente a un acuerdo con el jugador y su representante, pese a la oposici\u00f3n de la directiva de los porte\u00f1os, que con el transcurso de los d\u00edas ha ido cediendo. Para el cierre definitivo de las tratativas se busca una forma de dejar satisfecha a la instituci\u00f3n que preside Jorge Lafrentz.<\/p>\n<p>Mientras tanto, ayer se continuaron afinando algunos detalles para el arribo del delantero con el campe\u00f3n de la Copa Sudamericana. S\u00f3lo restar\u00edan los ex\u00e1menes m\u00e9dicos y la firma del contrato, algo que Sampaoli espera a la brevedad, pues lo quiere de inmediato en el CDA, para que asimile r\u00e1pidamente sus conceptos.<\/p>\n<p>El jugador, por su parte, est\u00e1 listo para convertirse en la nueva joya de la \u201cU\u201d.<\/p>\n<p><strong>Reyes, la otra sorpresa<\/strong><\/p>\n<p>La llegada de Sebasti\u00e1n Ubilla al elenco universitario no es la \u00fanica sorpresa, ya que tambi\u00e9n existen avanzadas conversaciones con el volante de Huachipato Lorenzo Reyes, quien tambi\u00e9n es seguido hace un tiempo.<\/p>\n<p>Cercanos a la negociaci\u00f3n reconocen que s\u00f3lo faltan peque\u00f1os detalles para abrochar la contrataci\u00f3n del mediocampista, quien tambi\u00e9n ser\u00eda una alternativa para la Copa Libertadores.<\/p>\n<p>Todo esto deber\u00e1 quedar zanjado en las pr\u00f3ximas horas, con el fin de satisfacer el pedido de Jorge Sampaoli, quien espera ansioso por sus dos nuevas incorporaciones, y as\u00ed ir por el objetivo m\u00e1s importante de su ascendente carrera.<\/p>\n<p><strong>Fuente:<\/strong> La Tercera<\/p>\n","protected":false},"excerpt":{"rendered":"<p>El t\u00e9cnico azul Jorge Sampaoli ve al delantero como una opci\u00f3n por la izquierda.<\/p>\n","protected":false},"author":1,"featured_media":4585,"comment_status":"open","ping_status":"open","sticky":false,"template":"","format":"standard","meta":{"footnotes":""},"categories":[18],"tags":[454,121,116,118],"class_list":{"0":"post-2979","1":"post","2":"type-post","3":"status-publish","4":"format-standard","5":"has-post-thumbnail","7":"category-actualidad","8":"tag-actualidad","9":"tag-lorenzo-reyes","10":"tag-refuerzos-2012","11":"tag-sebastian-ubilla"},"_links":{"self":[{"href":"https:\/\/www.rincondelbulla.cl\/portal\/wp-json\/wp\/v2\/posts\/2979","targetHints":{"allow":["GET"]}}],"collection":[{"href":"https:\/\/www.rincondelbulla.cl\/portal\/wp-json\/wp\/v2\/posts"}],"about":[{"href":"https:\/\/www.rincondelbulla.cl\/portal\/wp-json\/wp\/v2\/types\/post"}],"author":[{"embeddable":true,"href":"https:\/\/www.rincondelbulla.cl\/portal\/wp-json\/wp\/v2\/users\/1"}],"replies":[{"embeddable":true,"href":"https:\/\/www.rincondelbulla.cl\/portal\/wp-json\/wp\/v2\/comments?post=2979"}],"version-history":[{"count":0,"href":"https:\/\/www.rincondelbulla.cl\/portal\/wp-json\/wp\/v2\/posts\/2979\/revisions"}],"wp:featuredmedia":[{"embeddable":true,"href":"https:\/\/www.rincondelbulla.cl\/portal\/wp-json\/wp\/v2\/media\/4585"}],"wp:attachment":[{"href":"https:\/\/www.rincondelbulla.cl\/portal\/wp-json\/wp\/v2\/media?parent=2979"}],"wp:term":[{"taxonomy":"category","embeddable":true,"href":"https:\/\/www.rincondelbulla.cl\/portal\/wp-json\/wp\/v2\/categories?post=2979"},{"taxonomy":"post_tag","embeddable":true,"href":"https:\/\/www.rincondelbulla.cl\/portal\/wp-json\/wp\/v2\/tags?post=2979"}],"curies":[{"name":"wp","href":"https:\/\/api.w.org\/{rel}","templated":true}]}}