{"id":2980,"date":"2012-05-29T13:03:49","date_gmt":"2012-05-29T13:03:49","guid":{"rendered":"http:\/\/www.rincondelbulla.cl\/portal\/?p=2980"},"modified":"2012-05-29T13:03:49","modified_gmt":"2012-05-29T13:03:49","slug":"emmanuel-gigliotti-quiere-ser-azul","status":"publish","type":"post","link":"https:\/\/www.rincondelbulla.cl\/portal\/2012\/05\/29\/emmanuel-gigliotti-quiere-ser-azul\/","title":{"rendered":"Emmanuel Gigliotti quiere ser azul"},"content":{"rendered":"<figure id=\"attachment_4586\" aria-describedby=\"caption-attachment-4586\" style=\"width: 700px\" class=\"wp-caption alignnone\"><img loading=\"lazy\" decoding=\"async\" class=\" size-full wp-image-4586\" src=\"http:\/\/www.rincondelbulla.cl\/portal\/wp-content\/uploads\/2012\/05\/1e53f987647de72c806799a12b7f3f39.jpg\" alt=\"Foto: Google\" class=\"caption\" title=\"Gigliotti es el segundo goleador del Clausura argentino, con siete santos\" width=\"700\" height=\"396\" srcset=\"https:\/\/www.rincondelbulla.cl\/portal\/wp-content\/uploads\/2012\/05\/1e53f987647de72c806799a12b7f3f39.jpg 700w, https:\/\/www.rincondelbulla.cl\/portal\/wp-content\/uploads\/2012\/05\/1e53f987647de72c806799a12b7f3f39-300x170.jpg 300w, https:\/\/www.rincondelbulla.cl\/portal\/wp-content\/uploads\/2012\/05\/1e53f987647de72c806799a12b7f3f39-696x394.jpg 696w\" sizes=\"auto, (max-width: 700px) 100vw, 700px\" \/><figcaption id=\"caption-attachment-4586\" class=\"wp-caption-text\">Gigliotti es el segundo goleador del Clausura argentino, con siete santos<\/figcaption><\/figure>\n<p><strong>Una de las figuras de la \u00faltima fecha argentina fue el delantero Emmanuel Gigliotti, quien anot\u00f3 dos goles en el \u00e9pico 3-2 de San Lorenzo sobre Newell\u2019s.<\/strong> <!--more--> En las tribunas del Nuevo Gas\u00f3metro se encontraban Jos\u00e9 Yuraszeck y Andr\u00e9s Lagos, presidente y gerente deportivo de la \u201cU\u201d, respectivamente, quienes vieron el desempe\u00f1o del goleador, que es pretendido por Jorge Sampaoli.<\/p>\n<p>Desde las oficinas de su agente, Jorge Cyterszpiler, afirman que \u201cconocemos el inter\u00e9s de la \u2018U\u2019 y estamos esperando reunirnos en alg\u00fan momento. A Emmanuel le gusta la idea de ir a jugar a Chile, porque va a tener la posibilidad de participar en copas internacionales\u201d.<\/p>\n<p>Adem\u00e1s, el artillero no quiere alejarse mucho de su pa\u00eds, por lo que es muy probable que no vuelva a Novara, el due\u00f1o de su pase, que esta temporada descendi\u00f3 a la Serie B y que no resulta atractivo para el atacante. De hecho, el propio elenco peninsular fij\u00f3 una cl\u00e1usula cercana a los US$ 2 millones, lo que facilitar\u00eda la salida del jugador de 25 a\u00f1os.<\/p>\n<p>Adem\u00e1s, Azul Azul conversa con el volante de O\u2019Higgins Fernando de la Fuente, a pr\u00e9stamo en La Serena.<\/p>\n<p><strong>Fuente:<\/strong> La Tercera<\/p>\n","protected":false},"excerpt":{"rendered":"<p>Una de las figuras de la \u00faltima fecha argentina fue el delantero Emmanuel Gigliotti, quien anot\u00f3 dos goles en el \u00e9pico 3-2 de San Lorenzo sobre Newell\u2019s.<\/p>\n","protected":false},"author":1,"featured_media":4586,"comment_status":"open","ping_status":"open","sticky":false,"template":"","format":"standard","meta":{"footnotes":""},"categories":[18],"tags":[454,117,122,116],"class_list":{"0":"post-2980","1":"post","2":"type-post","3":"status-publish","4":"format-standard","5":"has-post-thumbnail","7":"category-actualidad","8":"tag-actualidad","9":"tag-emmanuel-gigliotti","10":"tag-fernando-de-la-fuente","11":"tag-refuerzos-2012"},"_links":{"self":[{"href":"https:\/\/www.rincondelbulla.cl\/portal\/wp-json\/wp\/v2\/posts\/2980","targetHints":{"allow":["GET"]}}],"collection":[{"href":"https:\/\/www.rincondelbulla.cl\/portal\/wp-json\/wp\/v2\/posts"}],"about":[{"href":"https:\/\/www.rincondelbulla.cl\/portal\/wp-json\/wp\/v2\/types\/post"}],"author":[{"embeddable":true,"href":"https:\/\/www.rincondelbulla.cl\/portal\/wp-json\/wp\/v2\/users\/1"}],"replies":[{"embeddable":true,"href":"https:\/\/www.rincondelbulla.cl\/portal\/wp-json\/wp\/v2\/comments?post=2980"}],"version-history":[{"count":0,"href":"https:\/\/www.rincondelbulla.cl\/portal\/wp-json\/wp\/v2\/posts\/2980\/revisions"}],"wp:featuredmedia":[{"embeddable":true,"href":"https:\/\/www.rincondelbulla.cl\/portal\/wp-json\/wp\/v2\/media\/4586"}],"wp:attachment":[{"href":"https:\/\/www.rincondelbulla.cl\/portal\/wp-json\/wp\/v2\/media?parent=2980"}],"wp:term":[{"taxonomy":"category","embeddable":true,"href":"https:\/\/www.rincondelbulla.cl\/portal\/wp-json\/wp\/v2\/categories?post=2980"},{"taxonomy":"post_tag","embeddable":true,"href":"https:\/\/www.rincondelbulla.cl\/portal\/wp-json\/wp\/v2\/tags?post=2980"}],"curies":[{"name":"wp","href":"https:\/\/api.w.org\/{rel}","templated":true}]}}