{"id":2981,"date":"2012-05-29T19:48:56","date_gmt":"2012-05-29T19:48:56","guid":{"rendered":"http:\/\/www.rincondelbulla.cl\/portal\/?p=2981"},"modified":"2012-05-29T19:48:56","modified_gmt":"2012-05-29T19:48:56","slug":"marcelo-salas-creo-que-la-u-esta-en-una-etapa-muy-superior-al-colo-colo-del-91","status":"publish","type":"post","link":"https:\/\/www.rincondelbulla.cl\/portal\/2012\/05\/29\/marcelo-salas-creo-que-la-u-esta-en-una-etapa-muy-superior-al-colo-colo-del-91\/","title":{"rendered":"Marcelo Salas: \u00abCreo que la U est\u00e1 en una etapa muy superior al Colo Colo del &#8217;91\u00bb"},"content":{"rendered":"<figure id=\"attachment_4587\" aria-describedby=\"caption-attachment-4587\" style=\"width: 700px\" class=\"wp-caption alignnone\"><img loading=\"lazy\" decoding=\"async\" class=\" size-full wp-image-4587\" src=\"http:\/\/www.rincondelbulla.cl\/portal\/wp-content\/uploads\/2012\/05\/081e8c5764bd56b44c2247712b2a1d08.jpg\" alt=\"Foto: Google\" class=\"caption\" title=\"Salas afirm\u00f3 que la actual campa\u00f1a del la 'U' es muy superior al Colo Colo del 91\" width=\"700\" height=\"396\" srcset=\"https:\/\/www.rincondelbulla.cl\/portal\/wp-content\/uploads\/2012\/05\/081e8c5764bd56b44c2247712b2a1d08.jpg 700w, https:\/\/www.rincondelbulla.cl\/portal\/wp-content\/uploads\/2012\/05\/081e8c5764bd56b44c2247712b2a1d08-300x170.jpg 300w, https:\/\/www.rincondelbulla.cl\/portal\/wp-content\/uploads\/2012\/05\/081e8c5764bd56b44c2247712b2a1d08-696x394.jpg 696w\" sizes=\"auto, (max-width: 700px) 100vw, 700px\" \/><figcaption id=\"caption-attachment-4587\" class=\"wp-caption-text\">Salas afirm\u00f3 que la actual campa\u00f1a del la &#8216;U&#8217; es muy superior al Colo Colo del 91<\/figcaption><\/figure>\n<p><strong>El ex jugador de Universidad de Chile, Marcelo \u00abMatador\u00bb Salas afirm\u00f3 hoy que la actual campa\u00f1a del Rom\u00e1ntico Viajero es muy superior al Colo Colo del a\u00f1o 1991, cuando se adjudic\u00f3 la Copa Libertadores de Am\u00e9rica.<\/strong> <!--more--> \u00abNo voy a hacer un hist\u00f3rico de Colo Colo que trata de bajar todo lo que es este rendimiento de la U. Creo que en su momento Colo Colo tuvo grandes jugadores y un t\u00e9cnico muy visionario que permiti\u00f3 lograr una Copa Libertadores. Lograron un t\u00edtulo hist\u00f3rico para el pa\u00eds, pero yo lo que m\u00e1s he visto es a la U actual y creo que si las enfrentamos con ese Colo Colo, que era m\u00e1s de individualidades, creo que sale ganador la U\u00bb, explic\u00f3.<br \/>&nbsp;<br \/>El Matador Azul agreg\u00f3 que en suma se trata de un tema de funcionamiento. \u00abEntonces sin desmerecer para nada lo que hizo Colo Colo, que creo que es importante para el pa\u00eds, como dije antes, creo que la U est\u00e1 en una etapa muy superior. Est\u00e1 en una etapa a nivel institucional tambi\u00e9n muy buena y eso le permite estar peleando en estos momentos esta Copa Libertadores que ojal\u00e1 pueda llegar a las vitrinas azules\u00bb.<\/p>\n<p>Consultado por las personas que s\u00f3lo han criticado la campa\u00f1a azul, Salas sostuvo que son respuestas bastante b\u00e1sicas, al tiempo que dijo que \u00abpodr\u00eda asegurar hasta que han visto los partidos, porque uno tambi\u00e9n ve los partidos cuando juegan otros equipos y ve a la Cat\u00f3lica y ve a Colo Colo y otros partidos que son interesantes\u00bb.<\/p>\n<p>\u00abEn realidad yo hablo porque a m\u00ed me gusta mucho el f\u00fatbol, tal vez a ellos no les gusta y no ven otros partidos, pero en realidad eso habla de las personas m\u00e1s que de otra cosa. Yo soy hincha de la U pero tambi\u00e9n puedo dar una opini\u00f3n de otro equipo de buena forma y no tratar de desmerecer o quedar bien con sus hinchas y todo lo dem\u00e1s. Eso va m\u00e1s all\u00e1, es un tema de madurez, es un tema de vocaci\u00f3n tambi\u00e9n poder decir est\u00e1n jugando muy bien, pero obviamente yo soy hincha de la U. No es sano y no habla bien de las personas que lo hacen, ya que ellos tambi\u00e9n en alg\u00fan momento representaron al pa\u00eds\u00bb, a\u00f1adi\u00f3.<\/p>\n<p>Con respecto al partido que se viene con Boca, Salas dijo que \u00abla U no se basa en un jugador sino que en un colectivo, entonces eso ayuda mucho m\u00e1s a enfrentar a este equipo copero como es Boca, con mucha experiencia, con jugadores que ha ganado muchos t\u00edtulos internacionales y seleccionados. No creo que est\u00e9n tan tranquilos esperando este partido. Yo creo que ellos saben el potencial que tiene la U, y si dan ventaja pueden sufrirlo\u00bb.<\/p>\n<p><strong>Fuente:<\/strong> Adnradio.cl<\/p>\n","protected":false},"excerpt":{"rendered":"<p>El ex jugador de Universidad de Chile, Marcelo \u00abMatador\u00bb Salas afirm\u00f3 hoy que la actual campa\u00f1a del Rom\u00e1ntico Viajero es muy superior al Colo Colo del a\u00f1o 1991, cuando se adjudic\u00f3 la Copa Libertadores de Am\u00e9rica.<\/p>\n","protected":false},"author":1,"featured_media":4587,"comment_status":"open","ping_status":"open","sticky":false,"template":"","format":"standard","meta":{"footnotes":""},"categories":[18],"tags":[454,95,63],"class_list":{"0":"post-2981","1":"post","2":"type-post","3":"status-publish","4":"format-standard","5":"has-post-thumbnail","7":"category-actualidad","8":"tag-actualidad","9":"tag-copa-libertadores-2012","10":"tag-marcelo-salas"},"_links":{"self":[{"href":"https:\/\/www.rincondelbulla.cl\/portal\/wp-json\/wp\/v2\/posts\/2981","targetHints":{"allow":["GET"]}}],"collection":[{"href":"https:\/\/www.rincondelbulla.cl\/portal\/wp-json\/wp\/v2\/posts"}],"about":[{"href":"https:\/\/www.rincondelbulla.cl\/portal\/wp-json\/wp\/v2\/types\/post"}],"author":[{"embeddable":true,"href":"https:\/\/www.rincondelbulla.cl\/portal\/wp-json\/wp\/v2\/users\/1"}],"replies":[{"embeddable":true,"href":"https:\/\/www.rincondelbulla.cl\/portal\/wp-json\/wp\/v2\/comments?post=2981"}],"version-history":[{"count":0,"href":"https:\/\/www.rincondelbulla.cl\/portal\/wp-json\/wp\/v2\/posts\/2981\/revisions"}],"wp:featuredmedia":[{"embeddable":true,"href":"https:\/\/www.rincondelbulla.cl\/portal\/wp-json\/wp\/v2\/media\/4587"}],"wp:attachment":[{"href":"https:\/\/www.rincondelbulla.cl\/portal\/wp-json\/wp\/v2\/media?parent=2981"}],"wp:term":[{"taxonomy":"category","embeddable":true,"href":"https:\/\/www.rincondelbulla.cl\/portal\/wp-json\/wp\/v2\/categories?post=2981"},{"taxonomy":"post_tag","embeddable":true,"href":"https:\/\/www.rincondelbulla.cl\/portal\/wp-json\/wp\/v2\/tags?post=2981"}],"curies":[{"name":"wp","href":"https:\/\/api.w.org\/{rel}","templated":true}]}}