{"id":2982,"date":"2012-05-29T20:01:06","date_gmt":"2012-05-29T20:01:06","guid":{"rendered":"http:\/\/www.rincondelbulla.cl\/portal\/?p=2982"},"modified":"2012-05-29T20:01:06","modified_gmt":"2012-05-29T20:01:06","slug":"en-la-u-no-olvidan-el-apertura-queremos-ser-tricampeones","status":"publish","type":"post","link":"https:\/\/www.rincondelbulla.cl\/portal\/2012\/05\/29\/en-la-u-no-olvidan-el-apertura-queremos-ser-tricampeones\/","title":{"rendered":"En la \u00abU\u00bb no olvidan el Apertura: \u00abQueremos ser tricampeones\u00bb"},"content":{"rendered":"<figure id=\"attachment_4588\" aria-describedby=\"caption-attachment-4588\" style=\"width: 700px\" class=\"wp-caption alignnone\"><img loading=\"lazy\" decoding=\"async\" class=\" size-full wp-image-4588\" src=\"http:\/\/www.rincondelbulla.cl\/portal\/wp-content\/uploads\/2012\/05\/e78b6e4955151aa3823cbab8d711db2b.jpg\" alt=\"Foto: Patricio Gonz\u00e1lez\" class=\"caption\" title=\"Acebedo expres\u00f3 que tampoco quieren descuidar el torneo nacional\" width=\"700\" height=\"396\" srcset=\"https:\/\/www.rincondelbulla.cl\/portal\/wp-content\/uploads\/2012\/05\/e78b6e4955151aa3823cbab8d711db2b.jpg 700w, https:\/\/www.rincondelbulla.cl\/portal\/wp-content\/uploads\/2012\/05\/e78b6e4955151aa3823cbab8d711db2b-300x170.jpg 300w, https:\/\/www.rincondelbulla.cl\/portal\/wp-content\/uploads\/2012\/05\/e78b6e4955151aa3823cbab8d711db2b-696x394.jpg 696w\" sizes=\"auto, (max-width: 700px) 100vw, 700px\" \/><figcaption id=\"caption-attachment-4588\" class=\"wp-caption-text\">Acebedo expres\u00f3 que tampoco quieren descuidar el torneo nacional<\/figcaption><\/figure>\n<p><strong>Albert Acevedo se mostr\u00f3 ilusionado de conseguir por primera vez en la historia del club el paso a la final de la Copa Libertadores. No obstante, el ex zaguero de O&#8217;Higgins expres\u00f3 que tampoco quieren descuidar el torneo nacional, ya que \u00abqueremos el tricampeonato\u00bb.<\/strong>  <!--more--> En Universidad de Chile saben que en sus manos est\u00e1 cambiar la historia del club. Por eso, las semifinales de Copa Libertadores llenan de ilusi\u00f3n al plantel del campe\u00f3n de la Sudamericana, que de todas formas no desconocen el poder\u00edo que significa medirse ante Boca Juniors.<\/p>\n<p>\u00abTenemos que seguir trabajando, tenemos muchas cosas que a\u00fan queremos conseguir. Nosotros tambi\u00e9n queremos ser uno de los equipos destacados en la historia del club. Este equipo tiene las ganas y las herramientas para tener triunfos que marquen la historia. Me gustar\u00eda que \u00e9sta fuera la mejor &#8216;U&#8217; de la historia\u00bb, dijo Albert Acevedo.<\/p>\n<p>El defensor del elenco universitario tambi\u00e9n descart\u00f3 que Jorge Sampaoli est\u00e9 planeando una marca especial para el cerebro futbol\u00edstico de los &#8216;xeneizes&#8217;, Juan Rom\u00e1n Riquelme, durante los duelos de semis del certamen continental.<\/p>\n<p>\u00abEs dif\u00edcil analizar individualmente a Boca, porque es evidente lo determinante que son sus jugadores en ataque y lo poco vulnerables que son en defensa. Es un equipo bastante s\u00f3lido, aparte tiene una experiencia en este tipo de torneos que los ayuda bastante\u00bb, explic\u00f3 el ex O&#8217;Higgins.<\/p>\n<p>Acevedo agreg\u00f3 que \u00abyo creo que Riquelme es un gran jugador y que marca diferencias. Claro que ellos son un gran equipo y cualquiera puede marcar un momento interesante del partido. Pero Riquelme es el motor, pero nosotros nos preocuparemos de todo el equipo\u00bb.<\/p>\n<p>De todas formas el zaguero no quiso dejar de lado el Apertura, donde a\u00fan les resta definir el paso a la ronda de los cuatro mejores ante Cobreloa. \u00abNo hay que descuidar el torneo nacional. Nosotros queremos ganar y queremos ser tricampeones\u00bb, sentenci\u00f3 Albert Acevedo.<\/p>\n<p><strong>Fuente:<\/strong> Prensafutbol.cl<\/p>\n","protected":false},"excerpt":{"rendered":"<p>Albert Acevedo se mostr\u00f3 ilusionado de conseguir por primera vez en la historia del club el paso a la final de la Copa Libertadores. No obstante, el ex zaguero de O&#8217;Higgins expres\u00f3 que tampoco quieren descuidar el torneo nacional, ya que \u00abqueremos el tricampeonato\u00bb.<\/p>\n","protected":false},"author":1,"featured_media":4588,"comment_status":"open","ping_status":"open","sticky":false,"template":"","format":"standard","meta":{"footnotes":""},"categories":[18],"tags":[454,49,94,95],"class_list":{"0":"post-2982","1":"post","2":"type-post","3":"status-publish","4":"format-standard","5":"has-post-thumbnail","7":"category-actualidad","8":"tag-actualidad","9":"tag-albert-acevedo","10":"tag-apertura-2012","11":"tag-copa-libertadores-2012"},"_links":{"self":[{"href":"https:\/\/www.rincondelbulla.cl\/portal\/wp-json\/wp\/v2\/posts\/2982","targetHints":{"allow":["GET"]}}],"collection":[{"href":"https:\/\/www.rincondelbulla.cl\/portal\/wp-json\/wp\/v2\/posts"}],"about":[{"href":"https:\/\/www.rincondelbulla.cl\/portal\/wp-json\/wp\/v2\/types\/post"}],"author":[{"embeddable":true,"href":"https:\/\/www.rincondelbulla.cl\/portal\/wp-json\/wp\/v2\/users\/1"}],"replies":[{"embeddable":true,"href":"https:\/\/www.rincondelbulla.cl\/portal\/wp-json\/wp\/v2\/comments?post=2982"}],"version-history":[{"count":0,"href":"https:\/\/www.rincondelbulla.cl\/portal\/wp-json\/wp\/v2\/posts\/2982\/revisions"}],"wp:featuredmedia":[{"embeddable":true,"href":"https:\/\/www.rincondelbulla.cl\/portal\/wp-json\/wp\/v2\/media\/4588"}],"wp:attachment":[{"href":"https:\/\/www.rincondelbulla.cl\/portal\/wp-json\/wp\/v2\/media?parent=2982"}],"wp:term":[{"taxonomy":"category","embeddable":true,"href":"https:\/\/www.rincondelbulla.cl\/portal\/wp-json\/wp\/v2\/categories?post=2982"},{"taxonomy":"post_tag","embeddable":true,"href":"https:\/\/www.rincondelbulla.cl\/portal\/wp-json\/wp\/v2\/tags?post=2982"}],"curies":[{"name":"wp","href":"https:\/\/api.w.org\/{rel}","templated":true}]}}