{"id":2988,"date":"2012-05-31T12:25:10","date_gmt":"2012-05-31T12:25:10","guid":{"rendered":"http:\/\/www.rincondelbulla.cl\/portal\/?p=2988"},"modified":"2012-05-31T12:25:10","modified_gmt":"2012-05-31T12:25:10","slug":"gigliotti-el-animal-con-que-sampaoli-quiere-reforzar-su-ataque","status":"publish","type":"post","link":"https:\/\/www.rincondelbulla.cl\/portal\/2012\/05\/31\/gigliotti-el-animal-con-que-sampaoli-quiere-reforzar-su-ataque\/","title":{"rendered":"Gigliotti: El \u00abAnimal\u00bb con que Sampaoli quiere reforzar su ataque"},"content":{"rendered":"<figure id=\"attachment_4594\" aria-describedby=\"caption-attachment-4594\" style=\"width: 700px\" class=\"wp-caption alignnone\"><img loading=\"lazy\" decoding=\"async\" class=\" size-full wp-image-4594\" src=\"http:\/\/www.rincondelbulla.cl\/portal\/wp-content\/uploads\/2012\/05\/729b3e17358bfb4bd8c4756f57808f97.jpg\" alt=\"Foto: Google\" class=\"caption\" title=\"El delantero de San Lorenzo es el segundo goleador del campeonato argentino\" width=\"700\" height=\"396\" srcset=\"https:\/\/www.rincondelbulla.cl\/portal\/wp-content\/uploads\/2012\/05\/729b3e17358bfb4bd8c4756f57808f97.jpg 700w, https:\/\/www.rincondelbulla.cl\/portal\/wp-content\/uploads\/2012\/05\/729b3e17358bfb4bd8c4756f57808f97-300x170.jpg 300w, https:\/\/www.rincondelbulla.cl\/portal\/wp-content\/uploads\/2012\/05\/729b3e17358bfb4bd8c4756f57808f97-696x394.jpg 696w\" sizes=\"auto, (max-width: 700px) 100vw, 700px\" \/><figcaption id=\"caption-attachment-4594\" class=\"wp-caption-text\">El delantero de San Lorenzo es el segundo goleador del campeonato argentino<\/figcaption><\/figure>\n<p><strong>El delantero de San Lorenzo es el segundo goleador del campeonato argentino y aparece como el gran refuerzo azul para el segundo semestre.<\/strong> <!--more--> La primera opci\u00f3n de Jorge Sampaoli para reforzar la delantera de Universidad de Chile era Pablo Zeballos, pero el delantero de Olimpia era muy caro para las pretensiones azules.<\/p>\n<p>Sin embargo, el DT ten\u00eda una segunda opci\u00f3n y es Emmanuel Gigliotti, jugador de San Lorenzo que el fin de semana apareci\u00f3 en todas la portadas al anotar dos goles para los \u00abcuervos\u00bb que le sirvieron para dar vuelta el partido ante Newell&#8217;s y salir de la zona de descenso directo.<\/p>\n<p>Dif\u00edcil parece creer que el nuevo \u00eddolo del \u00abcicl\u00f3n\u00bb hace poco m\u00e1s de dos meses estaba relegado a la banca de San Lorenzo con Leonardo Madel\u00f3n y que tras la llegada de Caruso Lombardi, que en su momento tambi\u00e9n lo pidi\u00f3 para Argentinos Juniors, resurgi\u00f3, ya que tras 17 partidos sin marcar anot\u00f3 el pasado 10 de abril el 1-1 ante Racing.<\/p>\n<p>Tras ello, el \u00abAnimal\u00bb, como es apodado, lleva siete anotaciones (promedio de 0.58 por partido), seis de ellas de cabeza, y es el segundo goleador del campeonato transandino.<\/p>\n<p>La historia en el f\u00fabol no ha sido f\u00e1cil para Gigliotti, ya que como el mismo ha reconocido s\u00f3lo jugaba para hacer felliz a su padre y pasar el tiempo.<\/p>\n<p>De hecho, en una entrevista concedida a Ol\u00e9, indic\u00f3 que \u00absoy un burro con suerte adentro del \u00e1rea\u00bb.<\/p>\n<p>Pas\u00f3 por diversos equipos en las inferiores, hasta que a los 16 a\u00f1os, en Lamadrid, se jug\u00f3 su \u00faltima oportunidad.<\/p>\n<p>Un d\u00eda, le dijo a su t\u00e9cnico que quer\u00eda dejar de jugar de central para hacerlo de delantero, y anot\u00f3 un par de goles en una pr\u00e1ctica ante la primera.<\/p>\n<p>Lleg\u00f3 luego a Argentinos, pero Caruso se fue a los pocos d\u00edas, y tras ello pas\u00f3 a All Boys, donde anot\u00f3 16 tantos en el Nacional B.<\/p>\n<p>Volvi\u00f3 a primera en 2009 con Tucum\u00e1n y el 2010 pas\u00f3 al Novara en Italia, donde tras su estad\u00eda incluso debi\u00f3 pasar por el psic\u00f3logo para recuperarse an\u00edmicamente.<\/p>\n<p>\u00abEstaba todo el tiempo comiendo pastas y pescado. Ten\u00eda una panza enorme\u00bb, reconoci\u00f3 al mismo medio transandino.<\/p>\n<p>De ah\u00ed se reencontr\u00f3 con el f\u00fatbol nuevamente en All Boys y lleg\u00f3 a San Lorenzo en el segundo semestre, donde incluso lleg\u00f3 a jugar por la selecci\u00f3n en septiembre del a\u00f1o pasado.<\/p>\n<p>Ahora vive un momento de gloria y est\u00e1 con contrato vigente con San Lorenzo, pero este tiene una cl\u00e1usula de salida a mitad de a\u00f1o por un valor que superar\u00eda los US$ 1.5 millones.<\/p>\n<p><strong>Fuente:<\/strong> La Tercera<\/p>\n","protected":false},"excerpt":{"rendered":"<p>El delantero de San Lorenzo es el segundo goleador del campeonato argentino y aparece como el gran refuerzo azul para el segundo semestre.<\/p>\n","protected":false},"author":1,"featured_media":4594,"comment_status":"open","ping_status":"open","sticky":false,"template":"","format":"standard","meta":{"footnotes":""},"categories":[18],"tags":[454,117,116],"class_list":{"0":"post-2988","1":"post","2":"type-post","3":"status-publish","4":"format-standard","5":"has-post-thumbnail","7":"category-actualidad","8":"tag-actualidad","9":"tag-emmanuel-gigliotti","10":"tag-refuerzos-2012"},"_links":{"self":[{"href":"https:\/\/www.rincondelbulla.cl\/portal\/wp-json\/wp\/v2\/posts\/2988","targetHints":{"allow":["GET"]}}],"collection":[{"href":"https:\/\/www.rincondelbulla.cl\/portal\/wp-json\/wp\/v2\/posts"}],"about":[{"href":"https:\/\/www.rincondelbulla.cl\/portal\/wp-json\/wp\/v2\/types\/post"}],"author":[{"embeddable":true,"href":"https:\/\/www.rincondelbulla.cl\/portal\/wp-json\/wp\/v2\/users\/1"}],"replies":[{"embeddable":true,"href":"https:\/\/www.rincondelbulla.cl\/portal\/wp-json\/wp\/v2\/comments?post=2988"}],"version-history":[{"count":0,"href":"https:\/\/www.rincondelbulla.cl\/portal\/wp-json\/wp\/v2\/posts\/2988\/revisions"}],"wp:featuredmedia":[{"embeddable":true,"href":"https:\/\/www.rincondelbulla.cl\/portal\/wp-json\/wp\/v2\/media\/4594"}],"wp:attachment":[{"href":"https:\/\/www.rincondelbulla.cl\/portal\/wp-json\/wp\/v2\/media?parent=2988"}],"wp:term":[{"taxonomy":"category","embeddable":true,"href":"https:\/\/www.rincondelbulla.cl\/portal\/wp-json\/wp\/v2\/categories?post=2988"},{"taxonomy":"post_tag","embeddable":true,"href":"https:\/\/www.rincondelbulla.cl\/portal\/wp-json\/wp\/v2\/tags?post=2988"}],"curies":[{"name":"wp","href":"https:\/\/api.w.org\/{rel}","templated":true}]}}