{"id":2989,"date":"2012-05-31T15:04:51","date_gmt":"2012-05-31T15:04:51","guid":{"rendered":"http:\/\/www.rincondelbulla.cl\/portal\/?p=2989"},"modified":"2012-05-31T15:04:51","modified_gmt":"2012-05-31T15:04:51","slug":"a-nivelar-la-historia","status":"publish","type":"post","link":"https:\/\/www.rincondelbulla.cl\/portal\/2012\/05\/31\/a-nivelar-la-historia\/","title":{"rendered":"A nivelar la historia"},"content":{"rendered":"<figure id=\"attachment_4595\" aria-describedby=\"caption-attachment-4595\" style=\"width: 700px\" class=\"wp-caption alignnone\"><img loading=\"lazy\" decoding=\"async\" class=\" size-full wp-image-4595\" src=\"http:\/\/www.rincondelbulla.cl\/portal\/wp-content\/uploads\/2012\/05\/0dab4f73f8e74db8e0ccfc58e81bacd1.jpg\" alt=\"Foto: Claudio C\u00e1ceres\" class=\"caption\" title=\"La 'U' dio el primer golpe y  las semifinales del Apertura est\u00e1n a la vuelta de la esquina. \" width=\"700\" height=\"396\" srcset=\"https:\/\/www.rincondelbulla.cl\/portal\/wp-content\/uploads\/2012\/05\/0dab4f73f8e74db8e0ccfc58e81bacd1.jpg 700w, https:\/\/www.rincondelbulla.cl\/portal\/wp-content\/uploads\/2012\/05\/0dab4f73f8e74db8e0ccfc58e81bacd1-300x170.jpg 300w, https:\/\/www.rincondelbulla.cl\/portal\/wp-content\/uploads\/2012\/05\/0dab4f73f8e74db8e0ccfc58e81bacd1-696x394.jpg 696w\" sizes=\"auto, (max-width: 700px) 100vw, 700px\" \/><figcaption id=\"caption-attachment-4595\" class=\"wp-caption-text\">La &#8216;U&#8217; dio el primer golpe y  las semifinales del Apertura est\u00e1n a la vuelta de la esquina.<\/figcaption><\/figure>\n<p><strong>Luego del triunfo en la segunda regi\u00f3n, los Azules dieron el primer paso para acceder a semifinales del Apertura, sin embargo las estad\u00edsticas dicen que son los cupr\u00edferos los que tienen una leve paternidad en estas instancias.<\/strong> <!--more--> La idea era asegurar&nbsp; la clasificaci\u00f3n en Calama. El dos cero obtenido en Calama&nbsp; cumpli\u00f3 con creces con el objetivo trazado por Jorge Sampaoli y su cuerpo t\u00e9cnico.<\/p>\n<p>Por los \u00faltimos resultados da la sensaci\u00f3n que la U tiene la paternidad en play-offs&nbsp; frente a los \u201clo\u00ednos\u201d, sin embargo son \u00e9stos los que han dejado en el camino al Le\u00f3n una mayor cantidad de veces. Tres a dos es el saldo a favor que tiene el cuadro dirigido, actualmente, por Javier Torrente.<\/p>\n<p>La \u00faltima que los \u201czorros del desierto\u201d derrotaron a los Laicos, coincidentemente,&nbsp; fue en los cuartos de final del Clausura 2008, por 3-0 en Calama con Marco Antonio Figueroa como DT. Las&nbsp; otras ocasiones fueron en el Clausura del 2003 y 2006. Dejando un saldo de&nbsp; tres llaves a favor para los \u201cbravos cupr\u00edferos\u201d.<\/p>\n<p>Pese a la paternidad calame\u00f1a, el Cuadro M\u00e1gico se ha dado el gusto de gritarle campe\u00f3n en la cara a los del norte. La primera es recordada, por la irregular campa\u00f1a de los azules en el Apertura 2004, dirigidos en ese momento por H\u00e9ctor Pinto, al punto de pasar a los cuartos de final como mejores perdedores. Igualmente el Le\u00f3n se las arregl\u00f3 para llegar a la final. Con un 0-0 en Santiago, la vuelta en la altura se ve\u00eda complicada.<\/p>\n<p>El empate&nbsp; a un tanto en los 90\u2019, dejaba&nbsp; a los&nbsp; lanzamientos penales como los encargados de dirimir al monarca.&nbsp;&nbsp; La tanda se defini\u00f3 en favor de los Laicos&nbsp; 4-2 y bajando&nbsp; su d\u00e9cima segunda estrella. El&nbsp; h\u00e9roe de aquel t\u00edtulo fue Johnny Herrera. El portero anot\u00f3 la sentencia m\u00e1xima que le dio el&nbsp; triunfo, desatando la euforia del pueblo &#8216;azul&#8217;&nbsp; que volv\u00eda a campeonar despu\u00e9s de cuatro a\u00f1os.<\/p>\n<p>En la vereda contraria, fueron dos \u00eddolos naranjas los que fallaron desde los doce pasos. El desaparecido Fernando Cornejo y Luis Fuentes desperdiciaron sus opciones.<\/p>\n<p>La \u00faltima vez que se enfrentaron fue en la final del Clausura 2011, con dos realidades completamente desiguales. El Le\u00f3n ven\u00eda de ser campe\u00f3n de la Sudamericana y buscaba su cuarto bicampeonato en la historia. Por su parte los de la segunda regi\u00f3n quer\u00edan coronar un buen segundo semestre como campeones, adem\u00e1s con&nbsp; Nelson Acosta en la banca cualquier cosa pod\u00eda pasar.<\/p>\n<p>El empate sin goles en la Segunda Regi\u00f3n y el tres a cero, con tantos de Gustavo Canales, Eduardo Vargas y Mat\u00edas Rodr\u00edguez, en Santiago, dejaron claro que la U fue el mejor equipo del 2011 del f\u00fatbol chileno.<\/p>\n<p>Pese a la ventaja obtenida la llave es no est\u00e1 cerrada, as\u00ed lo cree Marcelo D\u00edaz quien cree que \u201cTenemos un gran respeto por Cobreloa, porque es un rival de temer que ir\u00e1 a Santiago a buscar la clasificaci\u00f3n (\u2026) No me gustar\u00eda hablar de rivales todav\u00eda. La llave a\u00fan no est\u00e1 cerrada\u201d, finaliz\u00f3.<\/p>\n<p>Las declaraciones de \u201cCara de Pato\u201d ha sido la t\u00f3nica del equipo de Sampaoli. No adelantarse a nada; ir paso a paso; no se ha ganado a\u00fan, etc.<\/p>\n<p>Pese a la pasificaci\u00f3n de las aguas que hace el volante azul, es ineludible que la u dio el primer zarpazo y que las semifinales del Apertura est\u00e1n a la vuelta de la esquina.&nbsp;<\/p>\n","protected":false},"excerpt":{"rendered":"<p>Luego del triunfo en la segunda regi\u00f3n, los Azules dieron el primer paso para acceder a semifinales del Apertura, sin embargo las estad\u00edsticas dicen que son los cupr\u00edferos los que tienen una leve paternidad en estas instancias.<\/p>\n","protected":false},"author":63,"featured_media":4595,"comment_status":"open","ping_status":"open","sticky":false,"template":"","format":"standard","meta":{"footnotes":""},"categories":[18],"tags":[454,36],"class_list":{"0":"post-2989","1":"post","2":"type-post","3":"status-publish","4":"format-standard","5":"has-post-thumbnail","7":"category-actualidad","8":"tag-actualidad","9":"tag-opinion"},"_links":{"self":[{"href":"https:\/\/www.rincondelbulla.cl\/portal\/wp-json\/wp\/v2\/posts\/2989","targetHints":{"allow":["GET"]}}],"collection":[{"href":"https:\/\/www.rincondelbulla.cl\/portal\/wp-json\/wp\/v2\/posts"}],"about":[{"href":"https:\/\/www.rincondelbulla.cl\/portal\/wp-json\/wp\/v2\/types\/post"}],"author":[{"embeddable":true,"href":"https:\/\/www.rincondelbulla.cl\/portal\/wp-json\/wp\/v2\/users\/63"}],"replies":[{"embeddable":true,"href":"https:\/\/www.rincondelbulla.cl\/portal\/wp-json\/wp\/v2\/comments?post=2989"}],"version-history":[{"count":0,"href":"https:\/\/www.rincondelbulla.cl\/portal\/wp-json\/wp\/v2\/posts\/2989\/revisions"}],"wp:featuredmedia":[{"embeddable":true,"href":"https:\/\/www.rincondelbulla.cl\/portal\/wp-json\/wp\/v2\/media\/4595"}],"wp:attachment":[{"href":"https:\/\/www.rincondelbulla.cl\/portal\/wp-json\/wp\/v2\/media?parent=2989"}],"wp:term":[{"taxonomy":"category","embeddable":true,"href":"https:\/\/www.rincondelbulla.cl\/portal\/wp-json\/wp\/v2\/categories?post=2989"},{"taxonomy":"post_tag","embeddable":true,"href":"https:\/\/www.rincondelbulla.cl\/portal\/wp-json\/wp\/v2\/tags?post=2989"}],"curies":[{"name":"wp","href":"https:\/\/api.w.org\/{rel}","templated":true}]}}