{"id":2994,"date":"2012-06-01T11:11:24","date_gmt":"2012-06-01T11:11:24","guid":{"rendered":"http:\/\/www.rincondelbulla.cl\/portal\/?p=2994"},"modified":"2012-06-01T11:11:24","modified_gmt":"2012-06-01T11:11:24","slug":"ubilla-llegaria-con-alto-precio-y-quieren-a-marino","status":"publish","type":"post","link":"https:\/\/www.rincondelbulla.cl\/portal\/2012\/06\/01\/ubilla-llegaria-con-alto-precio-y-quieren-a-marino\/","title":{"rendered":"Ubilla llegar\u00eda con alto precio y quieren a Marino"},"content":{"rendered":"<figure id=\"attachment_4599\" aria-describedby=\"caption-attachment-4599\" style=\"width: 700px\" class=\"wp-caption alignnone\"><img loading=\"lazy\" decoding=\"async\" class=\" size-full wp-image-4599\" src=\"http:\/\/www.rincondelbulla.cl\/portal\/wp-content\/uploads\/2012\/06\/51373261f0b33bfb616b924782bd2ed3.jpg\" alt=\"Foto: Agencia Uno\" class=\"caption\" title=\"Los porte\u00f1os piden m\u00e1s por Ubilla y se quieren llevar a Marino\" width=\"700\" height=\"396\" srcset=\"https:\/\/www.rincondelbulla.cl\/portal\/wp-content\/uploads\/2012\/06\/51373261f0b33bfb616b924782bd2ed3.jpg 700w, https:\/\/www.rincondelbulla.cl\/portal\/wp-content\/uploads\/2012\/06\/51373261f0b33bfb616b924782bd2ed3-300x170.jpg 300w, https:\/\/www.rincondelbulla.cl\/portal\/wp-content\/uploads\/2012\/06\/51373261f0b33bfb616b924782bd2ed3-696x394.jpg 696w\" sizes=\"auto, (max-width: 700px) 100vw, 700px\" \/><figcaption id=\"caption-attachment-4599\" class=\"wp-caption-text\">Los porte\u00f1os piden m\u00e1s por Ubilla y se quieren llevar a Marino<\/figcaption><\/figure>\n<p>La noche del mi\u00e9rcoles, Universidad de Chile hizo un ofrecimiento final a Santiago Wanderers por Sebasti\u00e1n Ubilla. Ah\u00ed, Jos\u00e9 Yuraszeck convers\u00f3 con su par Jorge Lafrentz y le entreg\u00f3 una propuesta econ\u00f3mica:US$ 1,2 mill\u00f3n por todo el pase, cifra acorde a la cl\u00e1usula de salida en el contrato del delantero, incluyendo, adem\u00e1s, la entrega a Wanderers de un jugador azul. <!--more--> Los porte\u00f1os contraatacaron y pidieron US$ 1,4 mill\u00f3n, desconociendo el precio de la cl\u00e1usula de salida, a lo que a\u00f1adieron que ese jugador que les ofrec\u00edan fuera Guillermo Marino. \u201cTodo depende de que acepten el precio y de que incluyan a Marino\u201d, aseguraron en el Puerto. La cesi\u00f3n del argentino complica a la \u201cU\u201d y a Sampaoli por lo que esperan no desprenderse del \u201cGuille\u201d, alcanzando igual el acuerdo. Ambas posturas quedaron de ser estudiadas, pero se cree que el acuerdo es inminente, lo que, incluso, gener\u00f3 versiones de que el ariete ya se hab\u00eda sometido a ex\u00e1menes m\u00e9dicos.<\/p>\n<p>Los rumores hablaban de que ayer Ubilla habr\u00eda visitado la consulta del doctor Alejandro Orizola para un chequeo preliminar, lo que fue descartado en la \u201cU\u201d.<\/p>\n<p>\u201cSe est\u00e1 pidiendo m\u00e1s dinero que el que contempla la cl\u00e1usula y hay que esperar, pero se avanza\u201d, adelantaron los universitarios, donde aseguran que todo pasa por el alto pedido econ\u00f3mico de Wanderers, pues Ubilla tiene acordadas sus condiciones con la \u201cU\u201d.<\/p>\n<p>El ariete est\u00e1 a la espera del llamado y la idea es que hoy se destrabe el tema, para tener su primera charla formal con Sampaoli.<\/p>\n<p><strong>Fuente:<\/strong> La Tercera<\/p>\n","protected":false},"excerpt":{"rendered":"<p>La noche del mi\u00e9rcoles, Universidad de Chile hizo un ofrecimiento final a Santiago Wanderers por Sebasti\u00e1n Ubilla. Ah\u00ed, Jos\u00e9 Yuraszeck convers\u00f3 con su par Jorge Lafrentz y le entreg\u00f3 una propuesta econ\u00f3mica:US$ 1,2 mill\u00f3n por todo el pase, cifra acorde a la cl\u00e1usula de salida en el contrato del delantero, incluyendo, adem\u00e1s, la entrega a [&#8230;]<\/p>\n","protected":false},"author":1,"featured_media":4599,"comment_status":"open","ping_status":"open","sticky":false,"template":"","format":"standard","meta":{"footnotes":""},"categories":[18],"tags":[454,116,118],"class_list":{"0":"post-2994","1":"post","2":"type-post","3":"status-publish","4":"format-standard","5":"has-post-thumbnail","7":"category-actualidad","8":"tag-actualidad","9":"tag-refuerzos-2012","10":"tag-sebastian-ubilla"},"_links":{"self":[{"href":"https:\/\/www.rincondelbulla.cl\/portal\/wp-json\/wp\/v2\/posts\/2994","targetHints":{"allow":["GET"]}}],"collection":[{"href":"https:\/\/www.rincondelbulla.cl\/portal\/wp-json\/wp\/v2\/posts"}],"about":[{"href":"https:\/\/www.rincondelbulla.cl\/portal\/wp-json\/wp\/v2\/types\/post"}],"author":[{"embeddable":true,"href":"https:\/\/www.rincondelbulla.cl\/portal\/wp-json\/wp\/v2\/users\/1"}],"replies":[{"embeddable":true,"href":"https:\/\/www.rincondelbulla.cl\/portal\/wp-json\/wp\/v2\/comments?post=2994"}],"version-history":[{"count":0,"href":"https:\/\/www.rincondelbulla.cl\/portal\/wp-json\/wp\/v2\/posts\/2994\/revisions"}],"wp:featuredmedia":[{"embeddable":true,"href":"https:\/\/www.rincondelbulla.cl\/portal\/wp-json\/wp\/v2\/media\/4599"}],"wp:attachment":[{"href":"https:\/\/www.rincondelbulla.cl\/portal\/wp-json\/wp\/v2\/media?parent=2994"}],"wp:term":[{"taxonomy":"category","embeddable":true,"href":"https:\/\/www.rincondelbulla.cl\/portal\/wp-json\/wp\/v2\/categories?post=2994"},{"taxonomy":"post_tag","embeddable":true,"href":"https:\/\/www.rincondelbulla.cl\/portal\/wp-json\/wp\/v2\/tags?post=2994"}],"curies":[{"name":"wp","href":"https:\/\/api.w.org\/{rel}","templated":true}]}}