{"id":2998,"date":"2012-06-02T01:26:07","date_gmt":"2012-06-02T01:26:07","guid":{"rendered":"http:\/\/www.rincondelbulla.cl\/portal\/?p=2998"},"modified":"2012-06-02T01:26:07","modified_gmt":"2012-06-02T01:26:07","slug":"presidente-de-la-u-espera-presentar-a-ubilla-el-lunes-o-martes","status":"publish","type":"post","link":"https:\/\/www.rincondelbulla.cl\/portal\/2012\/06\/02\/presidente-de-la-u-espera-presentar-a-ubilla-el-lunes-o-martes\/","title":{"rendered":"Presidente de la \u00abU\u00bb espera presentar a Ubilla \u00abel lunes o martes\u00bb"},"content":{"rendered":"<figure id=\"attachment_4604\" aria-describedby=\"caption-attachment-4604\" style=\"width: 700px\" class=\"wp-caption alignnone\"><img loading=\"lazy\" decoding=\"async\" class=\" size-full wp-image-4604\" src=\"http:\/\/www.rincondelbulla.cl\/portal\/wp-content\/uploads\/2012\/06\/31e201d3d2f56c5aed4c0c6d72396563.jpg\" alt=\"Foto: La Tercera\" class=\"caption\" title=\"Jos\u00e9 Yurazseck cont\u00f3 que ya no ir\u00e1n por Lorenzo Reyes de Huachipato.\" width=\"700\" height=\"396\" srcset=\"https:\/\/www.rincondelbulla.cl\/portal\/wp-content\/uploads\/2012\/06\/31e201d3d2f56c5aed4c0c6d72396563.jpg 700w, https:\/\/www.rincondelbulla.cl\/portal\/wp-content\/uploads\/2012\/06\/31e201d3d2f56c5aed4c0c6d72396563-300x170.jpg 300w, https:\/\/www.rincondelbulla.cl\/portal\/wp-content\/uploads\/2012\/06\/31e201d3d2f56c5aed4c0c6d72396563-696x394.jpg 696w\" sizes=\"auto, (max-width: 700px) 100vw, 700px\" \/><figcaption id=\"caption-attachment-4604\" class=\"wp-caption-text\">Jos\u00e9 Yurazseck cont\u00f3 que ya no ir\u00e1n por Lorenzo Reyes de Huachipato.<\/figcaption><\/figure>\n<p><strong>El presidente de Azul Azul dijo que est\u00e1 \u00abavanzando\u00bb la negociaci\u00f3n con el delantero de Santiago Wanderers.<\/strong>  <!--more--> El presidente de Azul Azul, Jos\u00e9 Yuraszeck, dijo que las negociaciones para contratar al delantero Sebasti\u00e1n Ubilla est\u00e1 avanzadas y que la pr\u00f3xima semana podr\u00edan haber noticias.<\/p>\n<p>\u00abEstamos avanzando para que fructifique. Ya se est\u00e1n redactando los contratos y esperamos poder presentarlo el lunes o martes\u00bb, dijo el timonel azul, quien particip\u00f3 en el Consejo de Presidentes de la ANFP.<\/p>\n<p>Yuraszeck descart\u00f3 tambi\u00e9n la compra de Lorenzo Reyes, de Huachipato, a quien ya le comunicaron la decisi\u00f3n.<\/p>\n<p>\u00abEn lo de Gigliotti estamos avanzando\u00bb, a\u00f1adi\u00f3 presidente de Azul Azul, quien tambi\u00e9n coment\u00f3 el r\u00e1nking IFFHS de hoy, en donde la \u00abU\u00bb apareci\u00f3 en el segundo lugar detr\u00e1s de Barcelona.<\/p>\n<p>\u00abPuro orgullo. El r\u00e1nking tiene su modalidad y nosotros estamos en semifinales de la Libertadores, ganamos la Sudamericana y estamos en cuartos de final del Apertura\u00bb, cerr\u00f3.<\/p>\n<p>En el Consejo de hoy, la ANFP aprob\u00f3 por unanimidad un bono al plantel mundialista de 1962, que asciende a los 385 mil pesos mensuales.<\/p>\n<p><strong>Fuente:<\/strong> La Tercera<\/p>\n","protected":false},"excerpt":{"rendered":"<p>El presidente de Azul Azul dijo que est\u00e1 \u00abavanzando\u00bb la negociaci\u00f3n con el delantero de Santiago Wanderers.<\/p>\n","protected":false},"author":1,"featured_media":4604,"comment_status":"open","ping_status":"open","sticky":false,"template":"","format":"standard","meta":{"footnotes":""},"categories":[18],"tags":[454,64,116,118],"class_list":{"0":"post-2998","1":"post","2":"type-post","3":"status-publish","4":"format-standard","5":"has-post-thumbnail","7":"category-actualidad","8":"tag-actualidad","9":"tag-jose-yuraszeck","10":"tag-refuerzos-2012","11":"tag-sebastian-ubilla"},"_links":{"self":[{"href":"https:\/\/www.rincondelbulla.cl\/portal\/wp-json\/wp\/v2\/posts\/2998","targetHints":{"allow":["GET"]}}],"collection":[{"href":"https:\/\/www.rincondelbulla.cl\/portal\/wp-json\/wp\/v2\/posts"}],"about":[{"href":"https:\/\/www.rincondelbulla.cl\/portal\/wp-json\/wp\/v2\/types\/post"}],"author":[{"embeddable":true,"href":"https:\/\/www.rincondelbulla.cl\/portal\/wp-json\/wp\/v2\/users\/1"}],"replies":[{"embeddable":true,"href":"https:\/\/www.rincondelbulla.cl\/portal\/wp-json\/wp\/v2\/comments?post=2998"}],"version-history":[{"count":0,"href":"https:\/\/www.rincondelbulla.cl\/portal\/wp-json\/wp\/v2\/posts\/2998\/revisions"}],"wp:featuredmedia":[{"embeddable":true,"href":"https:\/\/www.rincondelbulla.cl\/portal\/wp-json\/wp\/v2\/media\/4604"}],"wp:attachment":[{"href":"https:\/\/www.rincondelbulla.cl\/portal\/wp-json\/wp\/v2\/media?parent=2998"}],"wp:term":[{"taxonomy":"category","embeddable":true,"href":"https:\/\/www.rincondelbulla.cl\/portal\/wp-json\/wp\/v2\/categories?post=2998"},{"taxonomy":"post_tag","embeddable":true,"href":"https:\/\/www.rincondelbulla.cl\/portal\/wp-json\/wp\/v2\/tags?post=2998"}],"curies":[{"name":"wp","href":"https:\/\/api.w.org\/{rel}","templated":true}]}}