{"id":3002,"date":"2012-06-04T20:28:32","date_gmt":"2012-06-04T20:28:32","guid":{"rendered":"http:\/\/www.rincondelbulla.cl\/portal\/?p=3002"},"modified":"2012-06-04T20:28:32","modified_gmt":"2012-06-04T20:28:32","slug":"diego-rivarola-anticipada-su-despedida-sera-el-partido-mas-importante-de-mi-carrera","status":"publish","type":"post","link":"https:\/\/www.rincondelbulla.cl\/portal\/2012\/06\/04\/diego-rivarola-anticipada-su-despedida-sera-el-partido-mas-importante-de-mi-carrera\/","title":{"rendered":"Diego Rivarola anticipada su despedida: \u00abSer\u00e1 el partido m\u00e1s importante de mi carrera\u00bb"},"content":{"rendered":"<figure id=\"attachment_4610\" aria-describedby=\"caption-attachment-4610\" style=\"width: 700px\" class=\"wp-caption alignnone\"><img loading=\"lazy\" decoding=\"async\" class=\" size-full wp-image-4610\" src=\"http:\/\/www.rincondelbulla.cl\/portal\/wp-content\/uploads\/2012\/06\/96ab633c1a7119e2ddbcd479b4b75068.jpg\" alt=\"Foto: Archivo\" class=\"caption\" title=\"Rivarola record\u00f3 los momentos m\u00e1s importantes de su carrera\" width=\"700\" height=\"396\" srcset=\"https:\/\/www.rincondelbulla.cl\/portal\/wp-content\/uploads\/2012\/06\/96ab633c1a7119e2ddbcd479b4b75068.jpg 700w, https:\/\/www.rincondelbulla.cl\/portal\/wp-content\/uploads\/2012\/06\/96ab633c1a7119e2ddbcd479b4b75068-300x170.jpg 300w, https:\/\/www.rincondelbulla.cl\/portal\/wp-content\/uploads\/2012\/06\/96ab633c1a7119e2ddbcd479b4b75068-696x394.jpg 696w\" sizes=\"auto, (max-width: 700px) 100vw, 700px\" \/><figcaption id=\"caption-attachment-4610\" class=\"wp-caption-text\">Rivarola record\u00f3 los momentos m\u00e1s importantes de su carrera<\/figcaption><\/figure>\n<p><strong>El delantero record\u00f3 sus mejores momentos en Universidad de Chile. De paso, adelant\u00f3 algunas figuras que asistir\u00e1n al encuentro que se disputar\u00e1 este martes en el Estadio Nacional.<\/strong> <!--more--> Diego Rivarola reconoce que ha vivido d\u00edas intensos. El ex atacante de Universidad de Chile prepara los \u00faltimos detalles del partido que marcar\u00e1 el cierre de su carrera futbol\u00edstica. \u00abGok\u00fa\u00bb admite estar un poco \u00abestresado\u00bb.<\/p>\n<p>No es para menos. El argentino, luego de una exitosa carrera en Universidad de Chile, se retirar\u00e1 este martes del f\u00fatbol profesional junto a hist\u00f3ricos de Universidad de Chile. Leonardo Rodr\u00edguez, Sergio Vargas y Luis Musrri ya confirmaron su presencia, entre otros.<\/p>\n<p>Y en contacto con <em>La Tercera<\/em>, Diego Rivarola reconoce los nervios previos al encuentro que marcar\u00e1 su adi\u00f3s definitivo del f\u00fatbol.<\/p>\n<p>\u00abSiempre hay un poco de nervios. Estoy ansioso y va a ser el partido m\u00e1s importante de mi carrera. Existe mucha nostalgia, pero trato de disfrutar todo\u00bb, se\u00f1al\u00f3 el jugador que inmortaliz\u00f3 a \u00abGok\u00fa\u00bb en su carrera.<\/p>\n<p>De paso, el artillero confirm\u00f3 que los jugadores de la \u00abU\u00bb que est\u00e1n en la \u00abRoja\u00bb de Claudio Borghi, asistir\u00e1n a su despedida.<\/p>\n<p>\u00abNo creo que existan problemas. Los muchachos tienen muchas ganas de estar y les han dado un permiso especial. Ma\u00f1ana conversar\u00e9 con el&nbsp; &#8216;Bichi&#8217; para ratificar el permiso\u00bb, coment\u00f3.<\/p>\n<p>Para finalizar, el atacante record\u00f3 los momentos m\u00e1s importantes de su carrera:<\/p>\n<p><strong>Gol m\u00e1s bonito:<\/strong> Sin duda el que le met\u00ed a Colo Colo en el 2-1 en el Estadio Nacional (30 de abril de 2011). Met\u00ed el cabezazo y no pens\u00e9 nada. S\u00f3lo quer\u00eda que entrara y fue m\u00e1s bonito de lo que esperaba.<\/p>\n<p><strong>Gol m\u00e1s feo:<\/strong> El que le anot\u00e9 a Concepci\u00f3n por la clasificaci\u00f3n a la Copa Sudamericana del 2011 en la Octava Regi\u00f3n. La cancha estaba muy mala y le pegu\u00e9 al suelo y a la pelota.<\/p>\n<p><strong>Partido ganado m\u00e1s recordado:<\/strong> El que le ganamos a Colo Colo por 2-1 con mi cabezazo (30 de abril de 2011). Tambi\u00e9n recuerdo el que le anot\u00e9, y que fue el gol de la victoria, a Alianza de Lima en Per\u00fa en los octavos de final de la Copa Libertadores 2010.<\/p>\n<p><strong>Derrota m\u00e1s dolorosa:<\/strong> La final con Cat\u00f3lica en la que perdimos el Clasura del 2005 en penales. Sufr\u00ed mucho.<\/p>\n<p><strong>Rival m\u00e1s complicado que enfrentaste:<\/strong> Sao Paulo de la Copa Libertadores de 2005. Un rival muy duro que enfrentamos en la fase de grupos y que finalmente fue el Campe\u00f3n en aquel a\u00f1o.<\/p>\n<p><strong>Rival que m\u00e1s disfrutabas ganando:<\/strong> Colo Colo, lejos. No hay dudas de eso.<\/p>\n<p><strong>T\u00e9cnicos que marcaron t\u00fa carrera:<\/strong> V\u00edctor Hugo Casta\u00f1eda y C\u00e9sar Vaccia.<\/p>\n<p><strong>Lo que m\u00e1s extra\u00f1aras luego de t\u00fa retiro:<\/strong> Lo m\u00e1s dif\u00edcil ser\u00e1 no escuchar el \u00abRivarooolaa\u00bb que los hinchas cantaban en los partidos. El cari\u00f1o de los hinchas es lo m\u00e1s gratificante que se recibe en esta carrera.<\/p>\n<p>La despedida de Diego Rivarola se realizar\u00e1 este martes en el Estadio Nacional a partir de las 22.30 hrs., encuentro que enfrentar\u00e1 al plantel actual de Universidad de Chile ante hist\u00f3ricos azules.<\/p>\n<p><strong>Fuente:<\/strong> La Tercera<\/p>\n","protected":false},"excerpt":{"rendered":"<p>El delantero record\u00f3 sus mejores momentos en Universidad de Chile. De paso, adelant\u00f3 algunas figuras que asistir\u00e1n al encuentro que se disputar\u00e1 este martes en el Estadio Nacional.<\/p>\n","protected":false},"author":1,"featured_media":4610,"comment_status":"open","ping_status":"open","sticky":false,"template":"","format":"standard","meta":{"footnotes":""},"categories":[18],"tags":[454,45],"class_list":{"0":"post-3002","1":"post","2":"type-post","3":"status-publish","4":"format-standard","5":"has-post-thumbnail","7":"category-actualidad","8":"tag-actualidad","9":"tag-diego-rivarola"},"_links":{"self":[{"href":"https:\/\/www.rincondelbulla.cl\/portal\/wp-json\/wp\/v2\/posts\/3002","targetHints":{"allow":["GET"]}}],"collection":[{"href":"https:\/\/www.rincondelbulla.cl\/portal\/wp-json\/wp\/v2\/posts"}],"about":[{"href":"https:\/\/www.rincondelbulla.cl\/portal\/wp-json\/wp\/v2\/types\/post"}],"author":[{"embeddable":true,"href":"https:\/\/www.rincondelbulla.cl\/portal\/wp-json\/wp\/v2\/users\/1"}],"replies":[{"embeddable":true,"href":"https:\/\/www.rincondelbulla.cl\/portal\/wp-json\/wp\/v2\/comments?post=3002"}],"version-history":[{"count":0,"href":"https:\/\/www.rincondelbulla.cl\/portal\/wp-json\/wp\/v2\/posts\/3002\/revisions"}],"wp:featuredmedia":[{"embeddable":true,"href":"https:\/\/www.rincondelbulla.cl\/portal\/wp-json\/wp\/v2\/media\/4610"}],"wp:attachment":[{"href":"https:\/\/www.rincondelbulla.cl\/portal\/wp-json\/wp\/v2\/media?parent=3002"}],"wp:term":[{"taxonomy":"category","embeddable":true,"href":"https:\/\/www.rincondelbulla.cl\/portal\/wp-json\/wp\/v2\/categories?post=3002"},{"taxonomy":"post_tag","embeddable":true,"href":"https:\/\/www.rincondelbulla.cl\/portal\/wp-json\/wp\/v2\/tags?post=3002"}],"curies":[{"name":"wp","href":"https:\/\/api.w.org\/{rel}","templated":true}]}}