{"id":3514,"date":"2013-07-21T14:22:43","date_gmt":"2013-07-21T14:22:43","guid":{"rendered":"http:\/\/www.rincondelbulla.cl\/portal\/?p=3514"},"modified":"2013-07-21T14:22:43","modified_gmt":"2013-07-21T14:22:43","slug":"la-previa-la-u-se-juega-sus-ultimas-chances-en-copa-chile-ante-temuco","status":"publish","type":"post","link":"https:\/\/www.rincondelbulla.cl\/portal\/2013\/07\/21\/la-previa-la-u-se-juega-sus-ultimas-chances-en-copa-chile-ante-temuco\/","title":{"rendered":"La previa: La \u201cU\u201d se juega sus \u00faltimas chances en Copa Chile ante Temuco"},"content":{"rendered":"<p><img loading=\"lazy\" decoding=\"async\" class=\" size-full wp-image-5120\" src=\"http:\/\/www.rincondelbulla.cl\/portal\/wp-content\/uploads\/2013\/07\/5065e42a18db0d02d1fe5df7b91ffe98.jpg\" alt=\"\" width=\"700\" height=\"396\" srcset=\"https:\/\/www.rincondelbulla.cl\/portal\/wp-content\/uploads\/2013\/07\/5065e42a18db0d02d1fe5df7b91ffe98.jpg 700w, https:\/\/www.rincondelbulla.cl\/portal\/wp-content\/uploads\/2013\/07\/5065e42a18db0d02d1fe5df7b91ffe98-300x170.jpg 300w, https:\/\/www.rincondelbulla.cl\/portal\/wp-content\/uploads\/2013\/07\/5065e42a18db0d02d1fe5df7b91ffe98-696x394.jpg 696w\" sizes=\"auto, (max-width: 700px) 100vw, 700px\" \/><\/p>\n<p><strong>La \u201cU\u201d salta a la cancha en el Germ\u00e1n Becker de Temuco para jugarse ante el cuadro local sus \u00faltimas chances de clasificar en Copa Chile. Adem\u00e1s, depende de resultados ajenos. <!--more--> <\/strong><strong>Por Enrique Moreno | @EnriqueMorenoS<\/strong><\/p>\n<p>Una \u201cU\u201d con m\u00ednimas chances de clasificaci\u00f3n saldr\u00e1 a jugar ante Deportes Temuco por la quinta fecha de la Copa Chile. Pero es a esa m\u00ednima chance que los azules se abrazan para seguir con la ilusi\u00f3n, y es que logrando los seis puntos que le quedan por disputar, marcando diferencias importantes en cuanto a goles, y esperando que ni \u00d1ublense ni Concepci\u00f3n superen la barrera de los siete puntos, se podr\u00eda clasificar.<\/p>\n<p>Para lograrlo, el \u201cFantasma\u201d Figueroa realizar\u00eda un sorpresivo cambio t\u00e1ctico, pasando a un 4-5-1. Esto, ya que sacar\u00eda de la titularidad a Juan Ignacio Duma, quien ser\u00eda reemplazado por el paraguayo Juan Rodrigo Rojas, poblando a\u00fan m\u00e1s el mediocampo y dejando en solitario a C\u00e9sar Cort\u00e9s como delantero. De esta forma, el once inicial ser\u00eda con Herrera; Magalhaes, Sills, J. Rojas, Cereceda; Ar\u00e1nguiz, Videla, J. R. Rojas, Lorenzetti, Fern\u00e1ndez; C. Cort\u00e9s.<\/p>\n<p>En tanto, el conjunto de Deportes Temuco afrontar\u00e1 con mayor tranquilidad este partido, ya que con su pasado triunfo por 4-1 sobre \u00d1ublense logr\u00f3 clasificarse con anticipaci\u00f3n a los octavos de final. El equipo de Astengo presenta s\u00f3lo dos bajas: Patricio Schwob y Sebasti\u00e1n Diana, por lo que su m\u00e1s posible alineaci\u00f3n ser\u00eda con Mall; Figueroa, Gill, Riffo y Melo; Cristi\u00e1n Gonz\u00e1lez, Sanhueza, M\u00e1rquez y Berriez; Malano y Salas.<\/p>\n<p>La \u00faltima vez que ambos equipos se enfrentaron fue hace una semana en lo que era el debut en la banca de Marco Antonio Figueroa, partido que t\u00e9rmino con triunfo por 1-0 para los albiverdes.<\/p>\n<p>En cuanto al historial, la \u201cU\u201d se impone de manera clara, ya que de 32 partidos jugados, gan\u00f3 18, empat\u00f3 6 y cay\u00f3 solo en 8, teniendo as\u00ed un positivo rendimiento de 66%.<\/p>\n<p>Para el partido que se disputar\u00e1 desde las 12 horas en el Estadio Germ\u00e1n Becker, se dispuso venta de entradas desde el viernes en boleter\u00edas del estadio, en Tiendas Gejman, en el Supermercado L\u00edder ubicado en la Calle General Prieto Norte #0320 y en el Kiosco Albiverde ubicado en calle Bulnes. Los precios son de $3.000 Galer\u00eda, $5.000 Andes, $7.500 Pac\u00edfico y $12.000 VIP. Tambi\u00e9n se decidi\u00f3 que no habr\u00e1 venta el d\u00eda del partido.<\/p>\n<p>El partido ser\u00e1 dirigido por Carlos Rumiano y lo transmitir\u00e1 en vivo CDF Premium. <strong>Tambi\u00e9n podr\u00e1s seguir el minuto a minuto a trav\u00e9s del fan page de Rinc\u00f3n del Bulla.<\/strong><\/p>\n","protected":false},"excerpt":{"rendered":"<p>La \u201cU\u201d salta a la cancha en el Germ\u00e1n Becker de Temuco para jugarse ante el cuadro local sus \u00faltimas chances de clasificar en Copa Chile. Adem\u00e1s, depende de resultados ajenos.<\/p>\n","protected":false},"author":56,"featured_media":5120,"comment_status":"open","ping_status":"open","sticky":false,"template":"","format":"standard","meta":{"footnotes":""},"categories":[18],"tags":[],"class_list":{"0":"post-3514","1":"post","2":"type-post","3":"status-publish","4":"format-standard","5":"has-post-thumbnail","7":"category-actualidad"},"_links":{"self":[{"href":"https:\/\/www.rincondelbulla.cl\/portal\/wp-json\/wp\/v2\/posts\/3514","targetHints":{"allow":["GET"]}}],"collection":[{"href":"https:\/\/www.rincondelbulla.cl\/portal\/wp-json\/wp\/v2\/posts"}],"about":[{"href":"https:\/\/www.rincondelbulla.cl\/portal\/wp-json\/wp\/v2\/types\/post"}],"author":[{"embeddable":true,"href":"https:\/\/www.rincondelbulla.cl\/portal\/wp-json\/wp\/v2\/users\/56"}],"replies":[{"embeddable":true,"href":"https:\/\/www.rincondelbulla.cl\/portal\/wp-json\/wp\/v2\/comments?post=3514"}],"version-history":[{"count":0,"href":"https:\/\/www.rincondelbulla.cl\/portal\/wp-json\/wp\/v2\/posts\/3514\/revisions"}],"wp:featuredmedia":[{"embeddable":true,"href":"https:\/\/www.rincondelbulla.cl\/portal\/wp-json\/wp\/v2\/media\/5120"}],"wp:attachment":[{"href":"https:\/\/www.rincondelbulla.cl\/portal\/wp-json\/wp\/v2\/media?parent=3514"}],"wp:term":[{"taxonomy":"category","embeddable":true,"href":"https:\/\/www.rincondelbulla.cl\/portal\/wp-json\/wp\/v2\/categories?post=3514"},{"taxonomy":"post_tag","embeddable":true,"href":"https:\/\/www.rincondelbulla.cl\/portal\/wp-json\/wp\/v2\/tags?post=3514"}],"curies":[{"name":"wp","href":"https:\/\/api.w.org\/{rel}","templated":true}]}}