{"id":3516,"date":"2013-07-22T21:54:36","date_gmt":"2013-07-22T21:54:36","guid":{"rendered":"http:\/\/www.rincondelbulla.cl\/portal\/?p=3516"},"modified":"2013-07-22T21:54:36","modified_gmt":"2013-07-22T21:54:36","slug":"aca-esta-la-programacion-de-la-primera-fecha-del-apertura","status":"publish","type":"post","link":"https:\/\/www.rincondelbulla.cl\/portal\/2013\/07\/22\/aca-esta-la-programacion-de-la-primera-fecha-del-apertura\/","title":{"rendered":"Ac\u00e1 est\u00e1 la programaci\u00f3n de la primera fecha del apertura"},"content":{"rendered":"<figure id=\"attachment_5122\" aria-describedby=\"caption-attachment-5122\" style=\"width: 700px\" class=\"wp-caption alignnone\"><img loading=\"lazy\" decoding=\"async\" class=\" size-full wp-image-5122\" src=\"http:\/\/www.rincondelbulla.cl\/portal\/wp-content\/uploads\/2013\/07\/4b990c33c54cb1f658f624fe33fa42fe.jpg\" alt=\"\" class=\"caption\" title=\"Foto: Patricio Gonz\u00e1lez\" width=\"700\" height=\"467\" srcset=\"https:\/\/www.rincondelbulla.cl\/portal\/wp-content\/uploads\/2013\/07\/4b990c33c54cb1f658f624fe33fa42fe.jpg 700w, https:\/\/www.rincondelbulla.cl\/portal\/wp-content\/uploads\/2013\/07\/4b990c33c54cb1f658f624fe33fa42fe-300x200.jpg 300w, https:\/\/www.rincondelbulla.cl\/portal\/wp-content\/uploads\/2013\/07\/4b990c33c54cb1f658f624fe33fa42fe-696x464.jpg 696w, https:\/\/www.rincondelbulla.cl\/portal\/wp-content\/uploads\/2013\/07\/4b990c33c54cb1f658f624fe33fa42fe-630x420.jpg 630w\" sizes=\"auto, (max-width: 700px) 100vw, 700px\" \/><figcaption id=\"caption-attachment-5122\" class=\"wp-caption-text\">Foto: Patricio Gonz\u00e1lez<\/figcaption><\/figure>\n<p><strong>Este viernes se da el vamos al Torneo de Apertura 2014-2014 con el duelo entre Evert\u00f3n y Plestino. Universidad de Chile se queda en Santiago. <!--more--> <\/strong>Todo listo para el vamos del Apertura, la programaci\u00f3n destaca el duelo entre Universidad de Chile y Rangers el s\u00e1bado 27 de julio a las 17:30 hrs. en el Estadio Santa Laura. El L\u00e9on debuta en el torneo local con nueva equipo t\u00e9cnico, encabezado por el \u00abFantasma\u00bb Marco Antonio Figueroa.<\/p>\n<p>La U va por la corona, seg\u00fan lo se\u00f1al\u00f3 el propio t\u00e9cnico azul a su llegada a la banca universitaria, de no obtener el t\u00edtulo su situaci\u00f3n como t\u00e9cnico ser\u00e1 reevaluada.<\/p>\n<p><strong>Viernes 26 de julio<\/strong><\/p>\n<p>Everton vs. Palestino (20:00 horas) \/ Estadio: Lucio Fari\u00f1a de Quillota<\/p>\n<p><strong>S\u00e1bado 27 de julio<\/strong><\/p>\n<p>Huachipato vs. Wanderers (12:30 horas) \/ Estadio: CAP<br \/>Uni\u00f3n La Calera vs. Cobresal (15:00 horas) \/ Estadio: Nicol\u00e1s Chahu\u00e1n<br \/><strong>Universidad de Chile vs. Rangers (17:30 horas) \/ Estadio: Santa Laura<\/strong><br \/>Antofagasta vs. Uni\u00f3n Espa\u00f1ola (20:00 horas) \/ Estadio: Calvo y Bascu\u00f1\u00e1n<\/p>\n<p><strong>Domingo 28 de julio<\/strong><\/p>\n<p>Audax Italiano vs. Colo Colo (15:30 horas) \/ Estadio: Bicentenario La Florida<br \/>Deportes Iquique vs. O\u2019Higgins (16:00 horas) \/ Estadio: Tierra de Campeones<br \/>Cobreloa vs. Universidad de Concepci\u00f3n (16:00 horas) \/ Estadio: Calvo y Bascu\u00f1\u00e1n<br \/>Universidad Cat\u00f3lica vs. \u00d1ublense (18:00 horas) \/ Estadio: San Carlos<\/p>\n","protected":false},"excerpt":{"rendered":"<p>Este viernes se da el vamos al Torneo de Apertura 2014-2014 con el duelo entre Evert\u00f3n y Plestino. Universidad de Chile se queda en Santiago.<\/p>\n","protected":false},"author":56,"featured_media":5122,"comment_status":"open","ping_status":"open","sticky":false,"template":"","format":"standard","meta":{"footnotes":""},"categories":[18],"tags":[],"class_list":{"0":"post-3516","1":"post","2":"type-post","3":"status-publish","4":"format-standard","5":"has-post-thumbnail","7":"category-actualidad"},"_links":{"self":[{"href":"https:\/\/www.rincondelbulla.cl\/portal\/wp-json\/wp\/v2\/posts\/3516","targetHints":{"allow":["GET"]}}],"collection":[{"href":"https:\/\/www.rincondelbulla.cl\/portal\/wp-json\/wp\/v2\/posts"}],"about":[{"href":"https:\/\/www.rincondelbulla.cl\/portal\/wp-json\/wp\/v2\/types\/post"}],"author":[{"embeddable":true,"href":"https:\/\/www.rincondelbulla.cl\/portal\/wp-json\/wp\/v2\/users\/56"}],"replies":[{"embeddable":true,"href":"https:\/\/www.rincondelbulla.cl\/portal\/wp-json\/wp\/v2\/comments?post=3516"}],"version-history":[{"count":0,"href":"https:\/\/www.rincondelbulla.cl\/portal\/wp-json\/wp\/v2\/posts\/3516\/revisions"}],"wp:featuredmedia":[{"embeddable":true,"href":"https:\/\/www.rincondelbulla.cl\/portal\/wp-json\/wp\/v2\/media\/5122"}],"wp:attachment":[{"href":"https:\/\/www.rincondelbulla.cl\/portal\/wp-json\/wp\/v2\/media?parent=3516"}],"wp:term":[{"taxonomy":"category","embeddable":true,"href":"https:\/\/www.rincondelbulla.cl\/portal\/wp-json\/wp\/v2\/categories?post=3516"},{"taxonomy":"post_tag","embeddable":true,"href":"https:\/\/www.rincondelbulla.cl\/portal\/wp-json\/wp\/v2\/tags?post=3516"}],"curies":[{"name":"wp","href":"https:\/\/api.w.org\/{rel}","templated":true}]}}