{"id":3517,"date":"2013-07-24T12:00:16","date_gmt":"2013-07-24T12:00:16","guid":{"rendered":"http:\/\/www.rincondelbulla.cl\/portal\/?p=3517"},"modified":"2013-07-24T12:00:16","modified_gmt":"2013-07-24T12:00:16","slug":"la-previa-la-u-va-al-todo-o-nada-frente-a-nublense","status":"publish","type":"post","link":"https:\/\/www.rincondelbulla.cl\/portal\/2013\/07\/24\/la-previa-la-u-va-al-todo-o-nada-frente-a-nublense\/","title":{"rendered":"La previa: La \u201cU\u201d va al todo o nada frente a \u00d1ublense"},"content":{"rendered":"<figure id=\"attachment_5123\" aria-describedby=\"caption-attachment-5123\" style=\"width: 700px\" class=\"wp-caption alignnone\"><img loading=\"lazy\" decoding=\"async\" class=\" size-full wp-image-5123\" src=\"http:\/\/www.rincondelbulla.cl\/portal\/wp-content\/uploads\/2013\/07\/92abdc10118f9607062da89875f14aa3.jpg\" alt=\"\" class=\"caption\" title=\"Foto: Patricio Gonz\u00e1lez\" width=\"700\" height=\"467\" srcset=\"https:\/\/www.rincondelbulla.cl\/portal\/wp-content\/uploads\/2013\/07\/92abdc10118f9607062da89875f14aa3.jpg 700w, https:\/\/www.rincondelbulla.cl\/portal\/wp-content\/uploads\/2013\/07\/92abdc10118f9607062da89875f14aa3-300x200.jpg 300w, https:\/\/www.rincondelbulla.cl\/portal\/wp-content\/uploads\/2013\/07\/92abdc10118f9607062da89875f14aa3-696x464.jpg 696w, https:\/\/www.rincondelbulla.cl\/portal\/wp-content\/uploads\/2013\/07\/92abdc10118f9607062da89875f14aa3-630x420.jpg 630w\" sizes=\"auto, (max-width: 700px) 100vw, 700px\" \/><figcaption id=\"caption-attachment-5123\" class=\"wp-caption-text\">Foto: Patricio Gonz\u00e1lez<\/figcaption><\/figure>\n<p><strong>La \u201cU\u201d saldr\u00e1 a jugar la sexta fecha de la Copa Chile con la chance a\u00fan latente de clasificar a octavos de final. Para ello deber\u00e1 imponerse ante \u00d1ublense y esperar que Temuco derrote como visita a Concepci\u00f3n. <!--more--> <\/strong><strong>Por Enrique Moreno | @EnriqueMorenoS<\/strong><\/p>\n<p>Pese a encontrarse como colista del grupo con cuatro puntos y tener un p\u00e9simo comienzo de campa\u00f1a, con tres derrotas consecutivas y un empate, la \u201cU\u201d jugar\u00e1 la sexta fecha de la Copa Chile a\u00fan con la chance de clasificar a octavos de final. <\/p>\n<p>Para ello, tiene que remontar los cuatro goles de diferencia que le lleva Deportes Concepci\u00f3n, quien deber\u00e1 caer con Deportes Temuco como local. Por su parte, la \u201cU\u201d tendr\u00eda que hacer lo propio con \u00d1ublense. Con resultados de 2-0 en ambos partidos, por ejemplo, la \u201cU\u201d clasificar\u00eda.<\/p>\n<p>Si bien tanto azules como lilas quedar\u00edan con siete puntos, el que clasificar\u00eda ser\u00eda la \u201cU\u201d, ya que alcanzar\u00eda las dos victorias por sobre s\u00f3lo una de Concepci\u00f3n.<\/p>\n<p>Para lograrlo el Fantasma cuenta con la buena noticia de los retornos de Sebasti\u00e1n Ubilla, tras superar una lesi\u00f3n, y de Isaac D\u00edaz, quien se encontraba suspendido. La \u00fanica baja es Roberto Cereceda, quien est\u00e1 lesionado, por lo que lo reemplazar\u00eda Marcelo Jorquera. De esta manera,<strong> la formaci\u00f3n ser\u00eda con Herrera; Magalhaes, Sills, J. Rojas, Jorquera; Ar\u00e1nguiz, Videla, Rojas, Fern\u00e1ndez; Ubilla y D\u00edaz.<\/strong><\/p>\n<p>En el cuadro chillanejo en tanto, con sus cinco puntos a\u00fan tienen chances de clasificar, por lo que buscar\u00e1n llevarse la victoria en Independencia. La formaci\u00f3n roja ser\u00eda con Giovini, Ru\u00edz, Montesinos, Rojas, Sandoval; Riquero, Cisternas, Croce, Parra; V\u00e1squez y Varas.<\/p>\n<p>La \u00faltima vez que se enfrentaron fue hace 17 d\u00edas, cuando por la segunda fecha de Copa Chile los chillanejos se impusieron como locales por 4-2, hundiendo a\u00fan m\u00e1s a la por entonces \u201cU\u201d de Franco. Aquella vez los descuentos azules corrieron por cuenta de Isaac D\u00edaz y Ram\u00f3n Fern\u00e1ndez.<\/p>\n<p>La \u00faltima vez que se enfrentaron en Santiago tambi\u00e9n fue con victoria del cuadro del sur, ya que el 28 de noviembre de 2010, se impusieron en el Nacional por 2-1, con descuento anotado por Gabriel Vargas.<\/p>\n<p>En el historial se impone la \u201cU\u201d, ya que de 28 partidos jugados, los azules ganaron 20, empataron 5 y cayeron s\u00f3lo en 3, teniendo as\u00ed un s\u00f3lido 80% de rendimiento.<\/p>\n<p>Para el partido que se disputar\u00e1 desde las 19:30 horas en Santa Laura, se pueden adquirir entradas con promoci\u00f3n 2&#215;1 en la p\u00e1gina web daleticket.cl, utilizando el c\u00f3digo \u201cleones\u201d. Tambi\u00e9n se pueden comprar de manera presencial en el Vel\u00f3dromo del Estadio Nacional entre 10 y 17 horas.<\/p>\n<p><strong>Los precios son: Galer\u00eda ni\u00f1o $3.000, Galer\u00eda $5.000, Andes ni\u00f1o $4.000, Andes $8.000, Marquesina lateral $15.000 y Marquesina preferencial $25.000.<\/strong><\/p>\n<p>El partido ser\u00e1 dirigido por Christian Rojas y transmitido en vivo por CDF Premium. <strong>Tambi\u00e9n lo podr\u00e1s seguir a trav\u00e9s del minuto a minuto del fan page de Rinc\u00f3n del Bulla.<\/strong><\/p>\n","protected":false},"excerpt":{"rendered":"<p>La \u201cU\u201d saldr\u00e1 a jugar la sexta fecha de la Copa Chile con la chance a\u00fan latente de clasificar a octavos de final. Para ello deber\u00e1 imponerse ante \u00d1ublense y esperar que Temuco derrote como visita a Concepci\u00f3n.<\/p>\n","protected":false},"author":56,"featured_media":5123,"comment_status":"open","ping_status":"open","sticky":false,"template":"","format":"standard","meta":{"footnotes":""},"categories":[18],"tags":[],"class_list":{"0":"post-3517","1":"post","2":"type-post","3":"status-publish","4":"format-standard","5":"has-post-thumbnail","7":"category-actualidad"},"_links":{"self":[{"href":"https:\/\/www.rincondelbulla.cl\/portal\/wp-json\/wp\/v2\/posts\/3517","targetHints":{"allow":["GET"]}}],"collection":[{"href":"https:\/\/www.rincondelbulla.cl\/portal\/wp-json\/wp\/v2\/posts"}],"about":[{"href":"https:\/\/www.rincondelbulla.cl\/portal\/wp-json\/wp\/v2\/types\/post"}],"author":[{"embeddable":true,"href":"https:\/\/www.rincondelbulla.cl\/portal\/wp-json\/wp\/v2\/users\/56"}],"replies":[{"embeddable":true,"href":"https:\/\/www.rincondelbulla.cl\/portal\/wp-json\/wp\/v2\/comments?post=3517"}],"version-history":[{"count":0,"href":"https:\/\/www.rincondelbulla.cl\/portal\/wp-json\/wp\/v2\/posts\/3517\/revisions"}],"wp:featuredmedia":[{"embeddable":true,"href":"https:\/\/www.rincondelbulla.cl\/portal\/wp-json\/wp\/v2\/media\/5123"}],"wp:attachment":[{"href":"https:\/\/www.rincondelbulla.cl\/portal\/wp-json\/wp\/v2\/media?parent=3517"}],"wp:term":[{"taxonomy":"category","embeddable":true,"href":"https:\/\/www.rincondelbulla.cl\/portal\/wp-json\/wp\/v2\/categories?post=3517"},{"taxonomy":"post_tag","embeddable":true,"href":"https:\/\/www.rincondelbulla.cl\/portal\/wp-json\/wp\/v2\/tags?post=3517"}],"curies":[{"name":"wp","href":"https:\/\/api.w.org\/{rel}","templated":true}]}}