{"id":3518,"date":"2013-07-25T02:24:30","date_gmt":"2013-07-25T02:24:30","guid":{"rendered":"http:\/\/www.rincondelbulla.cl\/portal\/?p=3518"},"modified":"2013-07-25T02:24:30","modified_gmt":"2013-07-25T02:24:30","slug":"la-u-se-despidio-de-copa-chile","status":"publish","type":"post","link":"https:\/\/www.rincondelbulla.cl\/portal\/2013\/07\/25\/la-u-se-despidio-de-copa-chile\/","title":{"rendered":"La U se despidi\u00f3 de Copa Chile"},"content":{"rendered":"<figure id=\"attachment_5124\" aria-describedby=\"caption-attachment-5124\" style=\"width: 619px\" class=\"wp-caption alignnone\"><img loading=\"lazy\" decoding=\"async\" class=\" size-full wp-image-5124\" src=\"http:\/\/www.rincondelbulla.cl\/portal\/wp-content\/uploads\/2013\/07\/12d0891bf2f928b0adcb999de7f1d689.jpg\" alt=\"Foto: Agencia UNO\" class=\"caption\" title=\"La U se queda sin bicampeonato\" width=\"619\" height=\"464\" srcset=\"https:\/\/www.rincondelbulla.cl\/portal\/wp-content\/uploads\/2013\/07\/12d0891bf2f928b0adcb999de7f1d689.jpg 619w, https:\/\/www.rincondelbulla.cl\/portal\/wp-content\/uploads\/2013\/07\/12d0891bf2f928b0adcb999de7f1d689-300x225.jpg 300w, https:\/\/www.rincondelbulla.cl\/portal\/wp-content\/uploads\/2013\/07\/12d0891bf2f928b0adcb999de7f1d689-80x60.jpg 80w, https:\/\/www.rincondelbulla.cl\/portal\/wp-content\/uploads\/2013\/07\/12d0891bf2f928b0adcb999de7f1d689-265x198.jpg 265w, https:\/\/www.rincondelbulla.cl\/portal\/wp-content\/uploads\/2013\/07\/12d0891bf2f928b0adcb999de7f1d689-560x420.jpg 560w\" sizes=\"auto, (max-width: 619px) 100vw, 619px\" \/><figcaption id=\"caption-attachment-5124\" class=\"wp-caption-text\">La U se queda sin bicampeonato<\/figcaption><\/figure>\n<p style=\"text-align: justify;\"><strong><span style=\"font-family: 'Arial','sans-serif';\">La U no pudo seguir avanzando en Copa Chile y se despidi\u00f3 del certamen tras empatar 2 a 2 frente a \u00d1ublense. Los azules se olvidan del bicampeonato y ya se ponen de cabeza a trabajar en el campeonato nacional que parte este s\u00e1bado. <i><\/i><\/span><\/strong><\/p>\n<p style=\"text-align: justify;\"><strong><span style=\"font-family: 'Arial','sans-serif';\"> <!--more--> <\/span><\/strong><\/p>\n<p style=\"text-align: justify;\"><span style=\"font-family: 'Arial','sans-serif';\">La tarea era dif\u00edcil. Ganar por 3 goles o m\u00e1s a \u00d1ublense y que Concepci\u00f3n cayera frente a Temuco en Collao. Nada de eso ocurri\u00f3. La U empat\u00f3 frente a los chillanejos y los lilas ganaron a una tropa de suplentes del cuadro albiverde. Resumen: la U fuera de Copa Chile.<\/span><\/p>\n<p style=\"text-align: justify;\"><span style=\"font-family: 'Arial','sans-serif';\">Pero m\u00e1s all\u00e1 de la eliminaci\u00f3n, que ya sabemos que no fue hoy sino durante toda la fase de grupos, lo importante es que el equipo, para m\u00ed, sigue levantando el nivel.<\/span><\/p>\n<p style=\"text-align: justify;\"><span style=\"font-family: 'Arial','sans-serif';\">Los primeros minutos la U se fue con todo en busca del primer gol, lamentablemente por falta de suerte o de fineza en el finiquito, los azules no pudieron abrir el marcador tras tres opciones claras. Cuando se pensaba que todo ven\u00eda bien, los del sur abrieron el marcador en una jugada fortuita en la que Herrera poco pudo hacer.<\/span><\/p>\n<p style=\"text-align: justify;\"><span style=\"font-family: 'Arial','sans-serif';\">Ar\u00e1nguiz puso el empate 1-1 transitorio a trav\u00e9s de tiro penal y la U segu\u00eda jugando, relativamente, bien. Gran actuaci\u00f3n de Ubilla que volv\u00eda de una lesi\u00f3n.<\/span><\/p>\n<p style=\"text-align: justify;\"><span style=\"font-family: 'Arial','sans-serif';\">En el segundo tiempo ya se sab\u00eda que la eliminaci\u00f3n era tal, pero se esperaba un triunfo. Fue as\u00ed como Ram\u00f3n Fern\u00e1ndez, quien sigue subiendo su nivel, sac\u00f3 un remate de distancia y decreto el 2-1. La U ganaba y daba esperanzas para lo que viene. Sin embargo cuando el partido expiraba, \u00d1ublense logr\u00f3 empatar el duelo 2 a 2 con un remate imposible para Herrera de Lanzini.<\/span><\/p>\n<p style=\"text-align: justify;\"><span style=\"font-family: 'Arial','sans-serif';\">Se viene el campeonato nacional y se ve una actitud distinta en el equipo. La eliminaci\u00f3n ya estaba cocinada hace un tiempo y no se puede cargar la mano a Figueroa, quien ya asumi\u00f3 como fracaso esta eliminaci\u00f3n, sin embargo se puede ver algo distinto y es eso lo que nos da la ilusi\u00f3n que este equipo puede.<\/span><\/p>\n<p style=\"text-align: justify;\"><span style=\"font-family: 'Arial','sans-serif';\">P\u00e1rrafo aparte la actuaci\u00f3n del p\u00fablico, quien en esta Copa Chile jam\u00e1s dej\u00f3 de alentar al equipo ni colmar estadios, aun sabiendo que hoy, por ejemplo, las opciones no eran las mejores.<\/span><\/p>\n","protected":false},"excerpt":{"rendered":"<p>La U no pudo seguir avanzando en Copa Chile y se despidi\u00f3 del certamen tras empatar 2 a 2 frente a \u00d1ublense. Los azules se olvidan del bicampeonato y ya se ponen de cabeza a trabajar en el campeonato nacional que parte este s\u00e1bado.<\/p>\n","protected":false},"author":57,"featured_media":5124,"comment_status":"open","ping_status":"open","sticky":false,"template":"","format":"standard","meta":{"footnotes":""},"categories":[18],"tags":[],"class_list":{"0":"post-3518","1":"post","2":"type-post","3":"status-publish","4":"format-standard","5":"has-post-thumbnail","7":"category-actualidad"},"_links":{"self":[{"href":"https:\/\/www.rincondelbulla.cl\/portal\/wp-json\/wp\/v2\/posts\/3518","targetHints":{"allow":["GET"]}}],"collection":[{"href":"https:\/\/www.rincondelbulla.cl\/portal\/wp-json\/wp\/v2\/posts"}],"about":[{"href":"https:\/\/www.rincondelbulla.cl\/portal\/wp-json\/wp\/v2\/types\/post"}],"author":[{"embeddable":true,"href":"https:\/\/www.rincondelbulla.cl\/portal\/wp-json\/wp\/v2\/users\/57"}],"replies":[{"embeddable":true,"href":"https:\/\/www.rincondelbulla.cl\/portal\/wp-json\/wp\/v2\/comments?post=3518"}],"version-history":[{"count":0,"href":"https:\/\/www.rincondelbulla.cl\/portal\/wp-json\/wp\/v2\/posts\/3518\/revisions"}],"wp:featuredmedia":[{"embeddable":true,"href":"https:\/\/www.rincondelbulla.cl\/portal\/wp-json\/wp\/v2\/media\/5124"}],"wp:attachment":[{"href":"https:\/\/www.rincondelbulla.cl\/portal\/wp-json\/wp\/v2\/media?parent=3518"}],"wp:term":[{"taxonomy":"category","embeddable":true,"href":"https:\/\/www.rincondelbulla.cl\/portal\/wp-json\/wp\/v2\/categories?post=3518"},{"taxonomy":"post_tag","embeddable":true,"href":"https:\/\/www.rincondelbulla.cl\/portal\/wp-json\/wp\/v2\/tags?post=3518"}],"curies":[{"name":"wp","href":"https:\/\/api.w.org\/{rel}","templated":true}]}}