{"id":3522,"date":"2013-07-31T01:47:44","date_gmt":"2013-07-31T01:47:44","guid":{"rendered":"http:\/\/www.rincondelbulla.cl\/portal\/?p=3522"},"modified":"2013-07-31T01:47:44","modified_gmt":"2013-07-31T01:47:44","slug":"la-u-tuvo-su-lamento-boliviano","status":"publish","type":"post","link":"https:\/\/www.rincondelbulla.cl\/portal\/2013\/07\/31\/la-u-tuvo-su-lamento-boliviano\/","title":{"rendered":"La U tuvo su \u00ablamento boliviano\u00bb"},"content":{"rendered":"<figure id=\"attachment_5128\" aria-describedby=\"caption-attachment-5128\" style=\"width: 380px\" class=\"wp-caption alignnone\"><img loading=\"lazy\" decoding=\"async\" class=\" size-full wp-image-5128\" src=\"http:\/\/www.rincondelbulla.cl\/portal\/wp-content\/uploads\/2013\/07\/8613b8c48593289f811f561a100471f3.jpg\" alt=\"Foto: La tercera\" class=\"caption\" title=\"La U no pudo con la altura\" width=\"380\" height=\"230\" srcset=\"https:\/\/www.rincondelbulla.cl\/portal\/wp-content\/uploads\/2013\/07\/8613b8c48593289f811f561a100471f3.jpg 380w, https:\/\/www.rincondelbulla.cl\/portal\/wp-content\/uploads\/2013\/07\/8613b8c48593289f811f561a100471f3-300x182.jpg 300w\" sizes=\"auto, (max-width: 380px) 100vw, 380px\" \/><figcaption id=\"caption-attachment-5128\" class=\"wp-caption-text\">La U no pudo con la altura<\/figcaption><\/figure>\n<p style=\"text-align: justify;\"><strong><span style=\"font-family: 'Arial','sans-serif';\">Universidad de Chile cay\u00f3 en su debut en Copa Sudamericana 2013 ante el d\u00e9bil rival de Real Potos\u00ed. Los azules comenzaron haciendo un buen partido, sin embargo la altura, entre otras razones, hizo que los leones se trajeran una derrota a Santiago, esperando dar vuelta el resultado la pr\u00f3xima semana.<i><\/i><\/span><\/strong><\/p>\n<p style=\"text-align: justify;\"><strong><span style=\"font-family: 'Arial','sans-serif';\"> <!--more--> <\/span><\/strong><\/p>\n<p style=\"text-align: justify;\"><span style=\"font-family: 'Arial','sans-serif';\">Claramente no era un partido f\u00e1cil, aunque tampoco imposible. La U jugaba ante un rival d\u00e9bil, Real Potos\u00ed, sin embargo exist\u00eda un rival mucho m\u00e1s fuerte: la altura.<\/span><\/p>\n<p style=\"text-align: justify;\"><span style=\"font-family: 'Arial','sans-serif';\">Y es que jugar a 3.900 metros sobre el nivel del mar no debe ser f\u00e1cil y menos si es a nivel profesional. Se sabe que los equipos chilenos no le temen a la altura como brasile\u00f1os o argentinos, sin embargo hoy la U pudo tener 30 minutos sin problemas para luego caer en los problemas que esta altura causa.<\/span><\/p>\n<p style=\"text-align: justify;\"><span style=\"font-family: 'Arial','sans-serif';\">Reci\u00e9n corr\u00edan 2 minutos del partido cuando Isaac D\u00edaz tuvo la apertura de la cuenta tras gran pase de Civelli, pero el \u201ctorito\u201d remat\u00f3 muy d\u00e9bil y luego elev\u00f3 estando solo frente al arco. Pero la U segu\u00eda atacando y llegaba con peligro. Fue as\u00ed como a los 9\u2019 y tras gran jugada de Lorenzetti, que Juan Rodrigo Rojas conect\u00f3 el bal\u00f3n y lo mand\u00f3 al fondo de las redes. 1-0 para la U y se esperaba m\u00e1s.<\/span><\/p>\n<p style=\"text-align: justify;\"><span style=\"font-family: 'Arial','sans-serif';\">S\u00ed, se esperaba m\u00e1s ya que la U segu\u00eda atacando y dominaba el partido, quiz\u00e1s no con gran peligro pero dominaba. Lamentablemente a los 25\u2019 Cerda puso el empate para los locales tras gran error de Magalhaes (uno de los puntos m\u00e1s bajos de la jornada). As\u00ed se fue el primer tiempo.<\/span><\/p>\n<p style=\"text-align: justify;\"><span style=\"font-family: 'Arial','sans-serif';\">La segunda fracci\u00f3n comenz\u00f3 mal. Reci\u00e9n a los 4\u2019 penal para los locales que Herrera contuvo de manera notable, una vez m\u00e1s, pero no bast\u00f3. A los 58\u2019 Andrada y a los 64\u2019 Bubas, ambos de cabeza, dejaron el marcador 3-1 para los bolivianos y a esperar, una vez m\u00e1s el pr\u00f3ximo partido para darlo vuelta, lo que es totalmente probable.<\/span><\/p>\n<p style=\"text-align: justify;\"><span style=\"font-family: 'Arial','sans-serif';\">Se destaca la gran asistencia de hinchas de la U, apoyando al equipo donde sea. Adem\u00e1s se destaca la gran actuaci\u00f3n de Pepe Rojas, jugando a gran nivel en la altura o en cualquier parte. Se nota demasiado la ausencia de Ar\u00e1nguiz y la estad\u00eda sin raz\u00f3n de algunos jugadores del actual plantel de la U.<\/span><\/p>\n","protected":false},"excerpt":{"rendered":"<p>Universidad de Chile cay\u00f3 en su debut en Copa Sudamericana 2013 ante el d\u00e9bil rival de Real Potos\u00ed. Los azules comenzaron haciendo un buen partido, sin embargo la altura, entre otras razones, hizo que los leones se trajeran una derrota a Santiago, esperando dar vuelta el resultado la pr\u00f3xima semana.<\/p>\n","protected":false},"author":57,"featured_media":5128,"comment_status":"open","ping_status":"open","sticky":false,"template":"","format":"standard","meta":{"footnotes":""},"categories":[18],"tags":[],"class_list":{"0":"post-3522","1":"post","2":"type-post","3":"status-publish","4":"format-standard","5":"has-post-thumbnail","7":"category-actualidad"},"_links":{"self":[{"href":"https:\/\/www.rincondelbulla.cl\/portal\/wp-json\/wp\/v2\/posts\/3522","targetHints":{"allow":["GET"]}}],"collection":[{"href":"https:\/\/www.rincondelbulla.cl\/portal\/wp-json\/wp\/v2\/posts"}],"about":[{"href":"https:\/\/www.rincondelbulla.cl\/portal\/wp-json\/wp\/v2\/types\/post"}],"author":[{"embeddable":true,"href":"https:\/\/www.rincondelbulla.cl\/portal\/wp-json\/wp\/v2\/users\/57"}],"replies":[{"embeddable":true,"href":"https:\/\/www.rincondelbulla.cl\/portal\/wp-json\/wp\/v2\/comments?post=3522"}],"version-history":[{"count":0,"href":"https:\/\/www.rincondelbulla.cl\/portal\/wp-json\/wp\/v2\/posts\/3522\/revisions"}],"wp:featuredmedia":[{"embeddable":true,"href":"https:\/\/www.rincondelbulla.cl\/portal\/wp-json\/wp\/v2\/media\/5128"}],"wp:attachment":[{"href":"https:\/\/www.rincondelbulla.cl\/portal\/wp-json\/wp\/v2\/media?parent=3522"}],"wp:term":[{"taxonomy":"category","embeddable":true,"href":"https:\/\/www.rincondelbulla.cl\/portal\/wp-json\/wp\/v2\/categories?post=3522"},{"taxonomy":"post_tag","embeddable":true,"href":"https:\/\/www.rincondelbulla.cl\/portal\/wp-json\/wp\/v2\/tags?post=3522"}],"curies":[{"name":"wp","href":"https:\/\/api.w.org\/{rel}","templated":true}]}}