{"id":3524,"date":"2013-08-01T12:26:43","date_gmt":"2013-08-01T12:26:43","guid":{"rendered":"http:\/\/www.rincondelbulla.cl\/portal\/?p=3524"},"modified":"2013-08-01T12:26:43","modified_gmt":"2013-08-01T12:26:43","slug":"jose-yuraszeck-se-suma-a-critcas-del-fantasma-por-rendimiento-de-jugadadores-2","status":"publish","type":"post","link":"https:\/\/www.rincondelbulla.cl\/portal\/2013\/08\/01\/jose-yuraszeck-se-suma-a-critcas-del-fantasma-por-rendimiento-de-jugadadores-2\/","title":{"rendered":"Jos\u00e9 Yuraszeck se suma a cr\u00edticas del \u00abFantasma\u00bb por rendimiento de jugadores"},"content":{"rendered":"<p><img loading=\"lazy\" decoding=\"async\" class=\" size-full wp-image-5130\" src=\"http:\/\/www.rincondelbulla.cl\/portal\/wp-content\/uploads\/2013\/08\/e75dd9955407ad7f1c238e520276f85c.jpg\" alt=\"\" width=\"700\" height=\"396\" srcset=\"https:\/\/www.rincondelbulla.cl\/portal\/wp-content\/uploads\/2013\/08\/e75dd9955407ad7f1c238e520276f85c.jpg 700w, https:\/\/www.rincondelbulla.cl\/portal\/wp-content\/uploads\/2013\/08\/e75dd9955407ad7f1c238e520276f85c-300x170.jpg 300w, https:\/\/www.rincondelbulla.cl\/portal\/wp-content\/uploads\/2013\/08\/e75dd9955407ad7f1c238e520276f85c-696x394.jpg 696w\" sizes=\"auto, (max-width: 700px) 100vw, 700px\" \/><\/p>\n<p><strong>Si bien el empresario se vio esperanzado para seguir en carrera en el torneo continental, lanz\u00f3 algunas cr\u00edticas a rendimientos individuales.<\/strong><\/p>\n<p>  <!--more-->  <\/p>\n<p>El partido del marte en Potosi trajo consigo una serie de elementos que no est\u00e1bamos acostumbrados a ver en Universiad de Chile, un juego flojo y la persistente falta de finiquito de los delanteros, sin embargo las cr\u00edticas lanzadas por el actual t\u00e9cnico universitario, Marco Antonio Figueroa, a rendimientos individuales puso la alerta en la dirigencia y en el hicnha azul.<\/p>\n<p>&nbsp;<\/p>\n<p>Para el \u00abFantasma\u00bb es preocupante el nivel mostrado por algunos jugadores en puestos claves del equipo, los cuales- seg\u00fan \u00e9l- est\u00e1n muy por debajo de lo que el pretende.<\/p>\n<p>Estas cr\u00edticas fueron tomadas tambi\u00e9n por el presidente de la concesionaria que maneja los destinos del club, el empresario Jos\u00e9 Yuraszeck, quien se sum\u00f3 a los cuestionamientos del t\u00e9cnico.<\/p>\n<p>\u00abEn general el equipo no jug\u00f3 bien. Algunos jugadores lo hicieron bastante mal\u00bb, se\u00f1al\u00f3 el timonel azul.<\/p>\n<p>Yuraszeck, que desde que asumi\u00f3 la presidencia azul no ha obtenido grandes logros, se mostr\u00f3 esperanzado en dar vuelta el resultado y quedarse con la llave ante Real Potosi el pr\u00f3ximo martes en el Estadio Nacional.<\/p>\n<p>\u00abEn Santiago, con una cancha m\u00e1s grande, en mejores condiciones, sin los 3.920 metros de altura de Potosi, el equipo deber\u00eda marcar la diferencia que necesita para seguir avanzando en la Copa Sudamericana\u00bb, sentenci\u00f3 el dirigente.<\/p>\n<p>Respecto a la falta de gol y a la reiterada petici\u00f3n del hincha azul para contratar a un centro delantero, Yraszeck cerr\u00f3 la pueto y se\u00f1al\u00f3 que esa respuesta ya la hab\u00eda dado.<\/p>\n","protected":false},"excerpt":{"rendered":"<p>Si bien el empresario se vio esperanzado para seguir en carrera en el torneo continental, lanz\u00f3 algunas cr\u00edticas a rendimientos individuales.<\/p>\n","protected":false},"author":56,"featured_media":5130,"comment_status":"open","ping_status":"open","sticky":false,"template":"","format":"standard","meta":{"footnotes":""},"categories":[18],"tags":[],"class_list":{"0":"post-3524","1":"post","2":"type-post","3":"status-publish","4":"format-standard","5":"has-post-thumbnail","7":"category-actualidad"},"_links":{"self":[{"href":"https:\/\/www.rincondelbulla.cl\/portal\/wp-json\/wp\/v2\/posts\/3524","targetHints":{"allow":["GET"]}}],"collection":[{"href":"https:\/\/www.rincondelbulla.cl\/portal\/wp-json\/wp\/v2\/posts"}],"about":[{"href":"https:\/\/www.rincondelbulla.cl\/portal\/wp-json\/wp\/v2\/types\/post"}],"author":[{"embeddable":true,"href":"https:\/\/www.rincondelbulla.cl\/portal\/wp-json\/wp\/v2\/users\/56"}],"replies":[{"embeddable":true,"href":"https:\/\/www.rincondelbulla.cl\/portal\/wp-json\/wp\/v2\/comments?post=3524"}],"version-history":[{"count":0,"href":"https:\/\/www.rincondelbulla.cl\/portal\/wp-json\/wp\/v2\/posts\/3524\/revisions"}],"wp:featuredmedia":[{"embeddable":true,"href":"https:\/\/www.rincondelbulla.cl\/portal\/wp-json\/wp\/v2\/media\/5130"}],"wp:attachment":[{"href":"https:\/\/www.rincondelbulla.cl\/portal\/wp-json\/wp\/v2\/media?parent=3524"}],"wp:term":[{"taxonomy":"category","embeddable":true,"href":"https:\/\/www.rincondelbulla.cl\/portal\/wp-json\/wp\/v2\/categories?post=3524"},{"taxonomy":"post_tag","embeddable":true,"href":"https:\/\/www.rincondelbulla.cl\/portal\/wp-json\/wp\/v2\/tags?post=3524"}],"curies":[{"name":"wp","href":"https:\/\/api.w.org\/{rel}","templated":true}]}}