{"id":3525,"date":"2013-08-03T14:36:23","date_gmt":"2013-08-03T14:36:23","guid":{"rendered":"http:\/\/www.rincondelbulla.cl\/portal\/?p=3525"},"modified":"2013-08-03T14:36:23","modified_gmt":"2013-08-03T14:36:23","slug":"la-u-por-los-palos-patricio-rubio-sera-azul","status":"publish","type":"post","link":"https:\/\/www.rincondelbulla.cl\/portal\/2013\/08\/03\/la-u-por-los-palos-patricio-rubio-sera-azul\/","title":{"rendered":"La \u00abU\u00bb  por los palos: Patricio Rubio ser\u00e1 azul"},"content":{"rendered":"<figure id=\"attachment_5131\" aria-describedby=\"caption-attachment-5131\" style=\"width: 649px\" class=\"wp-caption alignnone\"><img loading=\"lazy\" decoding=\"async\" class=\" size-full wp-image-5131\" src=\"http:\/\/www.rincondelbulla.cl\/portal\/wp-content\/uploads\/2013\/08\/c2185c8f578938e471f916752f5815ca.jpg\" alt=\"\" class=\"caption\" title=\"Foto: Google\" width=\"649\" height=\"365\" srcset=\"https:\/\/www.rincondelbulla.cl\/portal\/wp-content\/uploads\/2013\/08\/c2185c8f578938e471f916752f5815ca.jpg 649w, https:\/\/www.rincondelbulla.cl\/portal\/wp-content\/uploads\/2013\/08\/c2185c8f578938e471f916752f5815ca-300x169.jpg 300w\" sizes=\"auto, (max-width: 649px) 100vw, 649px\" \/><figcaption id=\"caption-attachment-5131\" class=\"wp-caption-text\">Foto: Google<\/figcaption><\/figure>\n<p><strong>A \u00faltima hora de ayer la dirigencia de Universidad de Chile ofreci\u00f3 una suma mayor a la que propon\u00eda Blanco y Negro, US$ 300 mil m\u00e1s en la mesa, marcaron la diferencia.<\/strong><\/p>\n<p>Era cosa de tiempo para que el delantero que militara en Uni\u00f3n Espa\u00f1ola la temporada pasada fuera presentado como nuevo refuerzo en Mac\u00fal, sin embargo, en una jugada de \u00faltima hora, la dirigencia universitaria \u00abarremeti\u00f3 por los palos\u00bb e hizo una oferta formal por el jugador al club hispano, la oferta superaba en US$ 300 mil la de Colo Colo por lo que el jugador y dirigencia hispana se inclinaron por aceptar la propuesta de los azules.<\/p>\n<p>Finalmente Patricio Rubio llegar\u00e1 a Universidad de Chile por la suma de US$ 1,6 millones por la mitad de su pase.<\/p>\n<p>De esta forma se dar\u00eda por cerrado el plantel azul de cara al Apertura y Sudamericana 2013, as\u00ed se cumple con un anhelo, tanto de hinchas como cuerpo t\u00e9cnico, quienes hab\u00edan echo saber su molestia por la falta de gol del equipo azul.<\/p>\n<p>Patrico Rubio es de gusto de Marco Antonio Figueroa, quien necesitaba con urgencia reforzar la ofensiva.<\/p>\n<p><strong>Lichnovsky para a Espa\u00f1a<\/strong><\/p>\n<p>Durante la jornada de ayer tambi\u00e9n se supo de la venta del defensor azul a un equipo espa\u00f1ol por la suma de US$ 2 millones, el dinero de la venta del seleccionado sub 20 sustent\u00f3 a\u00fan m\u00e1s la arremetida azul por contar con los servicios de Patricio Rubio.<\/p>\n<p><strong>\u00bf Que te parece que llegue Patricio Rubio a reforzar la ofensiva azul ?<\/strong><\/p>\n","protected":false},"excerpt":{"rendered":"<p>A \u00faltima hora de ayer la dirigencia de Universidad de Chile ofreci\u00f3 una suma mayor a la que propon\u00eda Blanco y Negro, US$ 300 mil m\u00e1s en la mesa, marcaron la diferencia. Era cosa de tiempo para que el delantero que militara en Uni\u00f3n Espa\u00f1ola la temporada pasada fuera presentado como nuevo refuerzo en Mac\u00fal, [&#8230;]<\/p>\n","protected":false},"author":56,"featured_media":5131,"comment_status":"open","ping_status":"open","sticky":false,"template":"","format":"standard","meta":{"footnotes":""},"categories":[18],"tags":[],"class_list":{"0":"post-3525","1":"post","2":"type-post","3":"status-publish","4":"format-standard","5":"has-post-thumbnail","7":"category-actualidad"},"_links":{"self":[{"href":"https:\/\/www.rincondelbulla.cl\/portal\/wp-json\/wp\/v2\/posts\/3525","targetHints":{"allow":["GET"]}}],"collection":[{"href":"https:\/\/www.rincondelbulla.cl\/portal\/wp-json\/wp\/v2\/posts"}],"about":[{"href":"https:\/\/www.rincondelbulla.cl\/portal\/wp-json\/wp\/v2\/types\/post"}],"author":[{"embeddable":true,"href":"https:\/\/www.rincondelbulla.cl\/portal\/wp-json\/wp\/v2\/users\/56"}],"replies":[{"embeddable":true,"href":"https:\/\/www.rincondelbulla.cl\/portal\/wp-json\/wp\/v2\/comments?post=3525"}],"version-history":[{"count":0,"href":"https:\/\/www.rincondelbulla.cl\/portal\/wp-json\/wp\/v2\/posts\/3525\/revisions"}],"wp:featuredmedia":[{"embeddable":true,"href":"https:\/\/www.rincondelbulla.cl\/portal\/wp-json\/wp\/v2\/media\/5131"}],"wp:attachment":[{"href":"https:\/\/www.rincondelbulla.cl\/portal\/wp-json\/wp\/v2\/media?parent=3525"}],"wp:term":[{"taxonomy":"category","embeddable":true,"href":"https:\/\/www.rincondelbulla.cl\/portal\/wp-json\/wp\/v2\/categories?post=3525"},{"taxonomy":"post_tag","embeddable":true,"href":"https:\/\/www.rincondelbulla.cl\/portal\/wp-json\/wp\/v2\/tags?post=3525"}],"curies":[{"name":"wp","href":"https:\/\/api.w.org\/{rel}","templated":true}]}}