{"id":3526,"date":"2013-08-03T14:40:48","date_gmt":"2013-08-03T14:40:48","guid":{"rendered":"http:\/\/www.rincondelbulla.cl\/portal\/?p=3526"},"modified":"2013-08-03T14:40:48","modified_gmt":"2013-08-03T14:40:48","slug":"la-previa-la-u-vuelve-al-nacional-frente-a-palestino","status":"publish","type":"post","link":"https:\/\/www.rincondelbulla.cl\/portal\/2013\/08\/03\/la-previa-la-u-vuelve-al-nacional-frente-a-palestino\/","title":{"rendered":"La previa: La \u201cU\u201d vuelve al Nacional frente a Palestino"},"content":{"rendered":"<p><img loading=\"lazy\" decoding=\"async\" class=\" size-full wp-image-5132\" src=\"http:\/\/www.rincondelbulla.cl\/portal\/wp-content\/uploads\/2013\/08\/289fe0b4ae0e45916b897d6da193c72d.jpg\" alt=\"\" width=\"700\" height=\"396\" srcset=\"https:\/\/www.rincondelbulla.cl\/portal\/wp-content\/uploads\/2013\/08\/289fe0b4ae0e45916b897d6da193c72d.jpg 700w, https:\/\/www.rincondelbulla.cl\/portal\/wp-content\/uploads\/2013\/08\/289fe0b4ae0e45916b897d6da193c72d-300x170.jpg 300w, https:\/\/www.rincondelbulla.cl\/portal\/wp-content\/uploads\/2013\/08\/289fe0b4ae0e45916b897d6da193c72d-696x394.jpg 696w\" sizes=\"auto, (max-width: 700px) 100vw, 700px\" \/><\/p>\n<p><strong>Con el dif\u00edcil panorama actual (derrotas seguidas en el torneo local y en la Sudamericana), los azules deber\u00e1n buscar ante Palestino en el Nacional sus primeros tres puntos del campeonato. <!--more--> <\/strong><strong>Por Enrique Moreno | @EnriqueMorenoS<\/strong><\/p>\n<p>Tras un nuevo rev\u00e9s, esta vez ante Real Potos\u00ed por la Sudamericana, los azules deber\u00e1n salir a buscar sus primeros tres puntos del campeonato ante Palestino, \u201cvisit\u00e1ndolo\u201d en el Estadio Nacional desde las 17:30 horas de este s\u00e1bado.<\/p>\n<p>Marco Antonio Figueroa tom\u00f3 la decisi\u00f3n de \u201ccortar\u201d del equipo a Magalhaes, Cereceda y Fern\u00e1ndez por bajo rendimiento, por lo que no ser\u00edan considerados para este partido. Los once elegidos del \u201cFantasma\u201d, ser\u00edan <strong>Herrera; Sills, Rojas, Huerta; B. Cort\u00e9s, Videla, J. R. Rojas, Civelli; Lorenzetti; Farf\u00e1n y D\u00edaz.<\/strong><\/p>\n<p>En frente estar\u00e1 un Palestino que viene con la moral en alto luego de partir el torneo con un importante triunfo como visitante ante Everton por 2-0. El equipo dirigido por Emiliano Astorga, formar\u00eda con N\u00fa\u00f1ez; Rosende, Escalona, Su\u00e1rez, Mena; Valencia, \u00c1valos, Ort\u00edz, L\u00f3pez; Guajardo y Guti\u00e9rrez.<\/p>\n<p>La \u00faltima vez que se enfrentaron fue el 14 de abril por el Torneo de Transici\u00f3n. Aquella vez los azules se impusieron en Santa Laura por 4-1, con goles de Ubilla, D\u00edaz y Civelli en dos ocasiones. En tanto, siendo locales los \u00e1rabes, se enfrentaron por \u00faltima vez el 18 de febrero del 2012 en el Estadio Nacional, con triunfo por 3-1 para la \u201cU\u201d gracias a anotaciones de Junior Fernandes, Albert Acevedo y Ra\u00fal Ruid\u00edaz.<\/p>\n<p>En el historial, se han enfrentado en 127 oportunidades por el torneo nacional, donde la \u201cU\u201d alcanza un positivo 63% de rendimiento gracias a 62 triunfos, 36 empates y 29 derrotas. Ha anotado 237 goles y ha recibido 165.<\/p>\n<p>Las entradas para este partido se vender\u00e1n el s\u00e1bado en el Estadio Nacional. Entre 10 y 15:30 horas la venta ser\u00e1 por las boleter\u00edas de avenida Grecia, mientras que desde las 15:30 horas se vender\u00e1n en el Vel\u00f3dromo por calle Pedro de Valdivia.<\/p>\n<p>Los precios son: Galer\u00eda ni\u00f1os $3.000, Galer\u00eda sur $5.000, Andes $8.000 y Bajo Marquesina $15.000.<\/p>\n<p>El partido ser\u00e1 dirigido por Patricio Polic y lo transmitir\u00e1 en vivo CDF Premium. Adem\u00e1s, podr\u00e1s seguir el minuto a minuto a trav\u00e9s del fan page de Rinc\u00f3n del Bulla.<\/p>\n","protected":false},"excerpt":{"rendered":"<p>Con el dif\u00edcil panorama actual (derrotas seguidas en el torneo local y en la Sudamericana), los azules deber\u00e1n buscar ante Palestino en el Nacional sus primeros tres puntos del campeonato.<\/p>\n","protected":false},"author":56,"featured_media":5132,"comment_status":"open","ping_status":"open","sticky":false,"template":"","format":"standard","meta":{"footnotes":""},"categories":[18],"tags":[],"class_list":{"0":"post-3526","1":"post","2":"type-post","3":"status-publish","4":"format-standard","5":"has-post-thumbnail","7":"category-actualidad"},"_links":{"self":[{"href":"https:\/\/www.rincondelbulla.cl\/portal\/wp-json\/wp\/v2\/posts\/3526","targetHints":{"allow":["GET"]}}],"collection":[{"href":"https:\/\/www.rincondelbulla.cl\/portal\/wp-json\/wp\/v2\/posts"}],"about":[{"href":"https:\/\/www.rincondelbulla.cl\/portal\/wp-json\/wp\/v2\/types\/post"}],"author":[{"embeddable":true,"href":"https:\/\/www.rincondelbulla.cl\/portal\/wp-json\/wp\/v2\/users\/56"}],"replies":[{"embeddable":true,"href":"https:\/\/www.rincondelbulla.cl\/portal\/wp-json\/wp\/v2\/comments?post=3526"}],"version-history":[{"count":0,"href":"https:\/\/www.rincondelbulla.cl\/portal\/wp-json\/wp\/v2\/posts\/3526\/revisions"}],"wp:featuredmedia":[{"embeddable":true,"href":"https:\/\/www.rincondelbulla.cl\/portal\/wp-json\/wp\/v2\/media\/5132"}],"wp:attachment":[{"href":"https:\/\/www.rincondelbulla.cl\/portal\/wp-json\/wp\/v2\/media?parent=3526"}],"wp:term":[{"taxonomy":"category","embeddable":true,"href":"https:\/\/www.rincondelbulla.cl\/portal\/wp-json\/wp\/v2\/categories?post=3526"},{"taxonomy":"post_tag","embeddable":true,"href":"https:\/\/www.rincondelbulla.cl\/portal\/wp-json\/wp\/v2\/tags?post=3526"}],"curies":[{"name":"wp","href":"https:\/\/api.w.org\/{rel}","templated":true}]}}