{"id":3528,"date":"2013-08-03T23:48:07","date_gmt":"2013-08-03T23:48:07","guid":{"rendered":"http:\/\/www.rincondelbulla.cl\/portal\/?p=3528"},"modified":"2013-08-03T23:48:07","modified_gmt":"2013-08-03T23:48:07","slug":"la-u-no-levanta-cabeza","status":"publish","type":"post","link":"https:\/\/www.rincondelbulla.cl\/portal\/2013\/08\/03\/la-u-no-levanta-cabeza\/","title":{"rendered":"La U no levanta cabeza"},"content":{"rendered":"<figure id=\"attachment_5133\" aria-describedby=\"caption-attachment-5133\" style=\"width: 619px\" class=\"wp-caption alignnone\"><img loading=\"lazy\" decoding=\"async\" class=\" size-full wp-image-5133\" src=\"http:\/\/www.rincondelbulla.cl\/portal\/wp-content\/uploads\/2013\/08\/2873bf5d70e48463b04385f06e01b6bf.jpg\" alt=\"Foto: Agencia UNO\" class=\"caption\" title=\"La U sum\u00f3 su primer punto\" width=\"619\" height=\"464\" srcset=\"https:\/\/www.rincondelbulla.cl\/portal\/wp-content\/uploads\/2013\/08\/2873bf5d70e48463b04385f06e01b6bf.jpg 619w, https:\/\/www.rincondelbulla.cl\/portal\/wp-content\/uploads\/2013\/08\/2873bf5d70e48463b04385f06e01b6bf-300x225.jpg 300w, https:\/\/www.rincondelbulla.cl\/portal\/wp-content\/uploads\/2013\/08\/2873bf5d70e48463b04385f06e01b6bf-80x60.jpg 80w, https:\/\/www.rincondelbulla.cl\/portal\/wp-content\/uploads\/2013\/08\/2873bf5d70e48463b04385f06e01b6bf-265x198.jpg 265w, https:\/\/www.rincondelbulla.cl\/portal\/wp-content\/uploads\/2013\/08\/2873bf5d70e48463b04385f06e01b6bf-560x420.jpg 560w\" sizes=\"auto, (max-width: 619px) 100vw, 619px\" \/><figcaption id=\"caption-attachment-5133\" class=\"wp-caption-text\">La U sum\u00f3 su primer punto<\/figcaption><\/figure>\n<p style=\"text-align: justify;\"><strong><span style=\"font-family: 'Arial','sans-serif';\">Universidad de Chile no puede lograr tres puntos en el torneo. Los azules esta vez empataron ante Palestino en el Estadio Nacional y siguen sin levantar cabeza. En dos fechas la U suma solamente un punto, cosa que puede ser fatal en estos torneos cortos, sin play off. A esperar la remontada que los Leones siempre tienen que ir por m\u00e1s.<i><\/i><\/span><\/strong><\/p>\n<p style=\"text-align: justify;\"><strong><span style=\"font-family: 'Arial','sans-serif';\"> <!--more--> <\/span><\/strong><\/p>\n<p style=\"text-align: justify;\"><span style=\"font-family: 'Arial','sans-serif';\">La U sal\u00eda al c\u00e9sped del nacional buscando levantar cabeza de lo acontecido en los \u00faltimos partidos. Marco Antonio Figueroa par\u00f3 un equipo con algunas bajas por decisi\u00f3n t\u00e9cnica, muy comentada en la semana y con la incorporaci\u00f3n de un nuevo delantero casi lista.<\/span><\/p>\n<p style=\"text-align: justify;\"><span style=\"font-family: 'Arial','sans-serif';\">Pero al frente se par\u00f3 Palestino, un equipo que, derechamente, sali\u00f3 a buscar un empate. Los tetracolores, sorpresivamente, se pudieron en ventaja al minuto 35 del primer tiempo y, m\u00e1s sorpresivamente, con gol de Roberto Guti\u00e9rrez. Sin embargo los azules no tardaron en encontrar el empate y Rub\u00e9n Farf\u00e1n decret\u00f3 el 1-1 a los 37\u2019. Pocos minutos despu\u00e9s, el mismo Farf\u00e1n enfrent\u00f3 a Felipe N\u00fa\u00f1ez, quien fue con todo y, con parte de mala intenci\u00f3n, lo golpe\u00f3 en piernas y cabeza, el \u00e1rbitro Polic marc\u00f3 el tiro libre y solamente mostr\u00f3 cartulina amarilla al portero.<\/span><\/p>\n<p style=\"text-align: justify;\"><span style=\"font-family: 'Arial','sans-serif';\">El segundo tiempo fue similar al primero. Un partido trabado en medio campo, donde no hab\u00eda mayor participaci\u00f3n de los porteros y los errores por parte de ambos equipos eran demasiados. La U fue quien m\u00e1s busc\u00f3, Farf\u00e1n, Ar\u00e1nguiz, Duma, cuando ingres\u00f3, buscaron desnivelar el marcador pero sin fortuna ante un equipo que cada vez estaba m\u00e1s refugiado. <\/span><\/p>\n<p style=\"text-align: justify;\"><span style=\"font-family: 'Arial','sans-serif';\">Al final lo tuvo Maturana, pero lamentablemente le qued\u00f3 para la pierna derecha y defini\u00f3 p\u00e9simo. Para destacar el mal partido jugado por Isaac D\u00edaz, quien fue el m\u00e1s bajo en ofensiva.<\/span><\/p>\n<p style=\"text-align: justify;\"><span style=\"font-family: 'Arial','sans-serif';\">Cuando el partido finalizaba, el juez Patricio Polic cobr\u00f3 un tiro libre para los azules y cuando se iba a servir el \u00e1rbitro termin\u00f3 el partido desatando la furia azul que termin\u00f3 con Ar\u00e1nguiz expulsado y Herrera encarando al hombre de negro.<\/span><\/p>\n<p style=\"text-align: justify;\"><span style=\"font-family: 'Arial','sans-serif';\">La U no levanta cabeza y el martes se espera una remontada de aquellas, sin embargo la falta de gol muestran un dif\u00edcil panorama para un Le\u00f3n que cuenta con jugadores que no est\u00e1n para ser titular y un t\u00e9cnico que, a pesar de las ganas, no ha sido acompa\u00f1ado por la fortuna. <\/span><\/p>\n","protected":false},"excerpt":{"rendered":"<p>Universidad de Chile no puede lograr tres puntos en el torneo. Los azules esta vez empataron ante Palestino en el Estadio Nacional y siguen sin levantar cabeza. En dos fechas la U suma solamente un punto, cosa que puede ser fatal en estos torneos cortos, sin play off. A esperar la remontada que los Leones [&#8230;]<\/p>\n","protected":false},"author":57,"featured_media":5133,"comment_status":"open","ping_status":"open","sticky":false,"template":"","format":"standard","meta":{"footnotes":""},"categories":[18],"tags":[],"class_list":{"0":"post-3528","1":"post","2":"type-post","3":"status-publish","4":"format-standard","5":"has-post-thumbnail","7":"category-actualidad"},"_links":{"self":[{"href":"https:\/\/www.rincondelbulla.cl\/portal\/wp-json\/wp\/v2\/posts\/3528","targetHints":{"allow":["GET"]}}],"collection":[{"href":"https:\/\/www.rincondelbulla.cl\/portal\/wp-json\/wp\/v2\/posts"}],"about":[{"href":"https:\/\/www.rincondelbulla.cl\/portal\/wp-json\/wp\/v2\/types\/post"}],"author":[{"embeddable":true,"href":"https:\/\/www.rincondelbulla.cl\/portal\/wp-json\/wp\/v2\/users\/57"}],"replies":[{"embeddable":true,"href":"https:\/\/www.rincondelbulla.cl\/portal\/wp-json\/wp\/v2\/comments?post=3528"}],"version-history":[{"count":0,"href":"https:\/\/www.rincondelbulla.cl\/portal\/wp-json\/wp\/v2\/posts\/3528\/revisions"}],"wp:featuredmedia":[{"embeddable":true,"href":"https:\/\/www.rincondelbulla.cl\/portal\/wp-json\/wp\/v2\/media\/5133"}],"wp:attachment":[{"href":"https:\/\/www.rincondelbulla.cl\/portal\/wp-json\/wp\/v2\/media?parent=3528"}],"wp:term":[{"taxonomy":"category","embeddable":true,"href":"https:\/\/www.rincondelbulla.cl\/portal\/wp-json\/wp\/v2\/categories?post=3528"},{"taxonomy":"post_tag","embeddable":true,"href":"https:\/\/www.rincondelbulla.cl\/portal\/wp-json\/wp\/v2\/tags?post=3528"}],"curies":[{"name":"wp","href":"https:\/\/api.w.org\/{rel}","templated":true}]}}