{"id":3530,"date":"2013-08-04T18:03:20","date_gmt":"2013-08-04T18:03:20","guid":{"rendered":"http:\/\/www.rincondelbulla.cl\/portal\/?p=3530"},"modified":"2013-08-04T18:03:20","modified_gmt":"2013-08-04T18:03:20","slug":"una-cuestion-de-actitud","status":"publish","type":"post","link":"https:\/\/www.rincondelbulla.cl\/portal\/2013\/08\/04\/una-cuestion-de-actitud\/","title":{"rendered":"Una cuesti\u00f3n de actitud"},"content":{"rendered":"<p><img loading=\"lazy\" decoding=\"async\" class=\" size-full wp-image-5134\" src=\"http:\/\/www.rincondelbulla.cl\/portal\/wp-content\/uploads\/2013\/08\/0168423241a0678521ccf427016e00be.jpg\" alt=\"\" width=\"615\" height=\"461\" srcset=\"https:\/\/www.rincondelbulla.cl\/portal\/wp-content\/uploads\/2013\/08\/0168423241a0678521ccf427016e00be.jpg 615w, https:\/\/www.rincondelbulla.cl\/portal\/wp-content\/uploads\/2013\/08\/0168423241a0678521ccf427016e00be-300x225.jpg 300w, https:\/\/www.rincondelbulla.cl\/portal\/wp-content\/uploads\/2013\/08\/0168423241a0678521ccf427016e00be-80x60.jpg 80w, https:\/\/www.rincondelbulla.cl\/portal\/wp-content\/uploads\/2013\/08\/0168423241a0678521ccf427016e00be-265x198.jpg 265w, https:\/\/www.rincondelbulla.cl\/portal\/wp-content\/uploads\/2013\/08\/0168423241a0678521ccf427016e00be-560x420.jpg 560w\" sizes=\"auto, (max-width: 615px) 100vw, 615px\" \/><\/p>\n<p style=\"text-align: justify;\"><strong>Los resultados no aparecen y aparentemente hay cierta molestia del plantel con Marco Antonio Figueroa por medidas absolutamente comprensibles. \u00bfQu\u00e9 pasa en la U? La palabra clave es \u00abactitud\u00bb <!--more--> <\/strong>Transici\u00f3n. Ese es el t\u00e9rmino que se me viene a la mente. &nbsp;El paso desde el fracaso de la gesti\u00f3n de Dar\u00edo Franco hacia una que desde el primer partido promete bastante m\u00e1s que la del poco expresivo argentino. Se ve una idea de f\u00fatbol en la cancha que por lo menos ilusiona con que la U vuelva a ser un equipo fuerte y respetado; sin embargo hay situaciones que llaman la atenci\u00f3n en estos primeros partidos de Marco Antonio Figueroa, y todos tienen que ver con la actitud.&nbsp;<\/p>\n<p style=\"text-align: justify;\">\u00bfDe qu\u00e9 sirve gastar sumas alt\u00edsimas de dinero en refuerzos si el problema es la actitud? La actitud que mostr\u00f3 Ar\u00e1nguiz para terminar expulsado al final de un deslucido empate con Palestino. La actitud que mostr\u00f3 Herrera al decir \u00abparece que nos est\u00e1bamos haciendo los malos\u00bb. La actitud de un plantel que se molesta por detalles \u00ednfimos tales como la prohibici\u00f3n de consumir gaseosas o por concentrar 4 d\u00edas de cara a un duelo trascendental, que puede marcar un segundo fracaso en el semestre.&nbsp;<\/p>\n<p style=\"text-align: justify;\">Algo cambi\u00f3. El sacrificio y el \u00abamateurismo\u00bb promovidos por Sampaoli, esos que contagiaron a hinchas y jugadores, parecen haberse ido junto con el estratega. Es inaceptable que haya molestia en deportistas profesionales por una modificaci\u00f3n beneficiosa a su dieta y de ser cierto, es a\u00fan m\u00e1s indignante que un grupo de futbolistas no quiera concentrar por varios d\u00edas para llegar de la mejor manera al partido m\u00e1s importante de la contingencia de su equipo.&nbsp;<\/p>\n<p style=\"text-align: justify;\">Creo que el \u00abFantasma\u00bb ha estado bien en sus pocas semanas al mando de Universidad de Chile. Por desgracia, el hincha azul tendr\u00e1 que reacostumbrarse a la irregularidad, ya que no es f\u00e1cil levantar el nivel de un equipo que viene de meses de jugar a nada, con el orgullo herido, fundido f\u00edsicamente y actitudinalmente errante.<\/p>\n<p style=\"text-align: justify;\">La escasez de buenos resultados no es agradable, pero es absolutamente comprensible. El plantel se ve golpeado, perdido y con la confianza en el piso; de ah\u00ed se desprende que el DT haya admitido p\u00fablicamente que hay jugadores con bajo nivel, situaci\u00f3n que curiosamente despert\u00f3 la molestia de los m\u00e1s puristas. \u00bfEs tan negativa la actitud de Figueroa? Para nada. No hubo nombres propios ni intenci\u00f3n de \u00abmatar\u00bb a un jugador, sino m\u00e1s bien, es una autocr\u00edtica sincera, lejana a las t\u00edpicas palabras de buena crianza que mal acostumbran a los planteles. \u00bfSi mal no recuerdo, eso se le ped\u00eda a Dar\u00edo Franco, no?&nbsp;<\/p>\n","protected":false},"excerpt":{"rendered":"<p>Los resultados no aparecen y aparentemente hay cierta molestia del plantel con Marco Antonio Figueroa por medidas absolutamente comprensibles. \u00bfQu\u00e9 pasa en la U? La palabra clave es \u00abactitud\u00bb<\/p>\n","protected":false},"author":54,"featured_media":5134,"comment_status":"open","ping_status":"open","sticky":false,"template":"","format":"standard","meta":{"footnotes":""},"categories":[18],"tags":[36],"class_list":{"0":"post-3530","1":"post","2":"type-post","3":"status-publish","4":"format-standard","5":"has-post-thumbnail","7":"category-actualidad","8":"tag-opinion"},"_links":{"self":[{"href":"https:\/\/www.rincondelbulla.cl\/portal\/wp-json\/wp\/v2\/posts\/3530","targetHints":{"allow":["GET"]}}],"collection":[{"href":"https:\/\/www.rincondelbulla.cl\/portal\/wp-json\/wp\/v2\/posts"}],"about":[{"href":"https:\/\/www.rincondelbulla.cl\/portal\/wp-json\/wp\/v2\/types\/post"}],"author":[{"embeddable":true,"href":"https:\/\/www.rincondelbulla.cl\/portal\/wp-json\/wp\/v2\/users\/54"}],"replies":[{"embeddable":true,"href":"https:\/\/www.rincondelbulla.cl\/portal\/wp-json\/wp\/v2\/comments?post=3530"}],"version-history":[{"count":0,"href":"https:\/\/www.rincondelbulla.cl\/portal\/wp-json\/wp\/v2\/posts\/3530\/revisions"}],"wp:featuredmedia":[{"embeddable":true,"href":"https:\/\/www.rincondelbulla.cl\/portal\/wp-json\/wp\/v2\/media\/5134"}],"wp:attachment":[{"href":"https:\/\/www.rincondelbulla.cl\/portal\/wp-json\/wp\/v2\/media?parent=3530"}],"wp:term":[{"taxonomy":"category","embeddable":true,"href":"https:\/\/www.rincondelbulla.cl\/portal\/wp-json\/wp\/v2\/categories?post=3530"},{"taxonomy":"post_tag","embeddable":true,"href":"https:\/\/www.rincondelbulla.cl\/portal\/wp-json\/wp\/v2\/tags?post=3530"}],"curies":[{"name":"wp","href":"https:\/\/api.w.org\/{rel}","templated":true}]}}