{"id":3633,"date":"2014-01-20T20:45:22","date_gmt":"2014-01-20T20:45:22","guid":{"rendered":"http:\/\/www.rincondelbulla.cl\/portal\/?p=3633"},"modified":"2014-01-20T20:45:22","modified_gmt":"2014-01-20T20:45:22","slug":"alcalde-de-estacion-central-condiciona-la-construccion-de-un-estadio-para-la-u","status":"publish","type":"post","link":"https:\/\/www.rincondelbulla.cl\/portal\/2014\/01\/20\/alcalde-de-estacion-central-condiciona-la-construccion-de-un-estadio-para-la-u\/","title":{"rendered":"Alcalde de Estaci\u00f3n Central condiciona la construcci\u00f3n de un estadio para la \u201cU\u201d"},"content":{"rendered":"<p><img loading=\"lazy\" decoding=\"async\" class=\" size-full wp-image-5224\" src=\"http:\/\/www.rincondelbulla.cl\/portal\/wp-content\/uploads\/2014\/01\/3541836a39af4e88d9c28f08c6d6b79f.jpg\" alt=\"\" width=\"302\" height=\"167\" srcset=\"https:\/\/www.rincondelbulla.cl\/portal\/wp-content\/uploads\/2014\/01\/3541836a39af4e88d9c28f08c6d6b79f.jpg 302w, https:\/\/www.rincondelbulla.cl\/portal\/wp-content\/uploads\/2014\/01\/3541836a39af4e88d9c28f08c6d6b79f-300x166.jpg 300w\" sizes=\"auto, (max-width: 302px) 100vw, 302px\" \/><\/p>\n<p><p><strong>Larga ha sido la discusi\u00f3n sobre un futuro estadio para la \u201cU\u201d. A lo largo de la concesi\u00f3n de Azul Azul se han propuesto fechas para la construcci\u00f3n de \u00e9ste, pero las trabas han sido mayores. Hoy reci\u00e9n se empieza a ver un poco de claridad en el tema, luego que Rodrigo Delgado, alcalde de Estaci\u00f3n Central se mostrara abierto a recibir un futuro estadio. <!--more--> <\/strong>El edil en una entrevista en radio Cooperativa condicion\u00f3 la construcci\u00f3n del estadio. \u201cLo que me entreg\u00f3 la U es la maqueta de un estadio de hace 50 o 70 a\u00f1os\u201d, comento el edil. Si la \u201cU\u201d quisiera construir un coliseo en la comuna tendr\u00eda que modificar su maqueta basada en el estadio Bicentenario de San Juan (Argentina).<\/p>\n<p>La opci\u00f3n de poder construir un estadio para la \u201cU\u201d se ve mucho m\u00e1s pr\u00f3ximo que en pasadas ocasiones. Con la llegada de unos de los dirigentes m\u00e1s influyentes dentro de la concesionaria, Carlos Heller, quien asumir\u00e1 la presidencia en abril, la primera meta trazada es la construcci\u00f3n del anhelado estadio para los azules.<\/p><\/p>\n","protected":false},"excerpt":{"rendered":"<p>Larga ha sido la discusi\u00f3n sobre un futuro estadio para la \u201cU\u201d. A lo largo de la concesi\u00f3n de Azul Azul se han propuesto fechas para la construcci\u00f3n de \u00e9ste, pero las trabas han sido mayores. Hoy reci\u00e9n se empieza a ver un poco de claridad en el tema, luego que Rodrigo Delgado, alcalde de [&#8230;]<\/p>\n","protected":false},"author":65,"featured_media":5224,"comment_status":"open","ping_status":"open","sticky":false,"template":"","format":"standard","meta":{"footnotes":""},"categories":[18],"tags":[191,192,190],"class_list":{"0":"post-3633","1":"post","2":"type-post","3":"status-publish","4":"format-standard","5":"has-post-thumbnail","7":"category-actualidad","8":"tag-azulazul","9":"tag-carlos-heller","10":"tag-estadio"},"_links":{"self":[{"href":"https:\/\/www.rincondelbulla.cl\/portal\/wp-json\/wp\/v2\/posts\/3633","targetHints":{"allow":["GET"]}}],"collection":[{"href":"https:\/\/www.rincondelbulla.cl\/portal\/wp-json\/wp\/v2\/posts"}],"about":[{"href":"https:\/\/www.rincondelbulla.cl\/portal\/wp-json\/wp\/v2\/types\/post"}],"author":[{"embeddable":true,"href":"https:\/\/www.rincondelbulla.cl\/portal\/wp-json\/wp\/v2\/users\/65"}],"replies":[{"embeddable":true,"href":"https:\/\/www.rincondelbulla.cl\/portal\/wp-json\/wp\/v2\/comments?post=3633"}],"version-history":[{"count":0,"href":"https:\/\/www.rincondelbulla.cl\/portal\/wp-json\/wp\/v2\/posts\/3633\/revisions"}],"wp:featuredmedia":[{"embeddable":true,"href":"https:\/\/www.rincondelbulla.cl\/portal\/wp-json\/wp\/v2\/media\/5224"}],"wp:attachment":[{"href":"https:\/\/www.rincondelbulla.cl\/portal\/wp-json\/wp\/v2\/media?parent=3633"}],"wp:term":[{"taxonomy":"category","embeddable":true,"href":"https:\/\/www.rincondelbulla.cl\/portal\/wp-json\/wp\/v2\/categories?post=3633"},{"taxonomy":"post_tag","embeddable":true,"href":"https:\/\/www.rincondelbulla.cl\/portal\/wp-json\/wp\/v2\/tags?post=3633"}],"curies":[{"name":"wp","href":"https:\/\/api.w.org\/{rel}","templated":true}]}}