{"id":3642,"date":"2014-01-27T19:06:39","date_gmt":"2014-01-27T19:06:39","guid":{"rendered":"http:\/\/www.rincondelbulla.cl\/portal\/?p=3642"},"modified":"2014-01-27T19:06:39","modified_gmt":"2014-01-27T19:06:39","slug":"se-hizo-un-buen-futbol-como-al-que-la-gente-de-la-u-estaba-acostumbrada","status":"publish","type":"post","link":"https:\/\/www.rincondelbulla.cl\/portal\/2014\/01\/27\/se-hizo-un-buen-futbol-como-al-que-la-gente-de-la-u-estaba-acostumbrada\/","title":{"rendered":"\u201cSe hizo un buen f\u00fatbol, como al que la gente de la U estaba acostumbrada\u201d"},"content":{"rendered":"<p><img loading=\"lazy\" decoding=\"async\" class=\" size-full wp-image-5231\" src=\"http:\/\/www.rincondelbulla.cl\/portal\/wp-content\/uploads\/2014\/01\/2ae429b4c1cd591f2c458b76f0cd7263.jpg\" alt=\"\" width=\"700\" height=\"525\" srcset=\"https:\/\/www.rincondelbulla.cl\/portal\/wp-content\/uploads\/2014\/01\/2ae429b4c1cd591f2c458b76f0cd7263.jpg 700w, https:\/\/www.rincondelbulla.cl\/portal\/wp-content\/uploads\/2014\/01\/2ae429b4c1cd591f2c458b76f0cd7263-300x225.jpg 300w, https:\/\/www.rincondelbulla.cl\/portal\/wp-content\/uploads\/2014\/01\/2ae429b4c1cd591f2c458b76f0cd7263-80x60.jpg 80w, https:\/\/www.rincondelbulla.cl\/portal\/wp-content\/uploads\/2014\/01\/2ae429b4c1cd591f2c458b76f0cd7263-265x198.jpg 265w, https:\/\/www.rincondelbulla.cl\/portal\/wp-content\/uploads\/2014\/01\/2ae429b4c1cd591f2c458b76f0cd7263-696x522.jpg 696w, https:\/\/www.rincondelbulla.cl\/portal\/wp-content\/uploads\/2014\/01\/2ae429b4c1cd591f2c458b76f0cd7263-560x420.jpg 560w\" sizes=\"auto, (max-width: 700px) 100vw, 700px\" \/><\/p>\n<p><p><strong>Tras el abultado triunfo por 5-0 hoy todo era alegr\u00eda en el Centro Deportivo Azul. Jos\u00e9 Rojas, el capit\u00e1n y pilar del equipo as\u00ed lo hizo sentir en conferencia de prensa, donde se mostr\u00f3 mucho m\u00e1s distendido. <!--more--> <\/strong>\u201cSi no soy pol\u00edtico\u201d. Entre risas el capit\u00e1n de los azules Pepe Rojas elud\u00eda la pregunta sobre el reciente fallo de La Haya.&nbsp;<\/p>\n<p>\u201cSabemos que no podemos perder ning\u00fan partido m\u00e1s y creo que ayer se jug\u00f3 bien y se pudo ganar con contundencia\u201d. As\u00ed evaluaba Jos\u00e9 Rojas el desempe\u00f1o del plantel ayer ante \u00d1ublense, donde la \u201cU\u201d mostr\u00f3 lo mejor de si y supo llevarse un favorable resultado que le devuelve la confianza a un equipo que no ven\u00eda bien.<\/p>\n<p>As\u00ed mismo el \u00e1nimo del hincha tambi\u00e9n se ve\u00eda deca\u00eddo, pero la incorporaci\u00f3n del nuevo t\u00e9cnico azul, Cristi\u00e1n Romero, le devolvi\u00f3 las expectativas a la gente y el \u201cRelojito\u201d no defraud\u00f3. \u201cSe hizo un buen f\u00fatbol, como al que la gente de la U estaba acostumbrada\u201d, coment\u00f3 el capit\u00e1n azul.<\/p>\n<p>Sobre el pr\u00f3ximo gran desaf\u00edo que enfrenta el cuadro laico, el \u201cPepe\u201d fue claro en que se debe mantener el nivel exhibido ayer en la cancha del Santa Laura. \u201cEstamos muy ansiosos por ratificar el jueves lo que se mostr\u00f3 ayer en cancha, sabemos que el rival es totalmente diferente, pero depende de nosotros y que volvamos a darle una alegr\u00eda a toda nuestra gente\u201d.<\/p><\/p>\n","protected":false},"excerpt":{"rendered":"<p>Tras el abultado triunfo por 5-0 hoy todo era alegr\u00eda en el Centro Deportivo Azul. Jos\u00e9 Rojas, el capit\u00e1n y pilar del equipo as\u00ed lo hizo sentir en conferencia de prensa, donde se mostr\u00f3 mucho m\u00e1s distendido.<\/p>\n","protected":false},"author":65,"featured_media":5231,"comment_status":"open","ping_status":"open","sticky":false,"template":"","format":"standard","meta":{"footnotes":""},"categories":[18],"tags":[200],"class_list":{"0":"post-3642","1":"post","2":"type-post","3":"status-publish","4":"format-standard","5":"has-post-thumbnail","7":"category-actualidad","8":"tag-pepe-rojas"},"_links":{"self":[{"href":"https:\/\/www.rincondelbulla.cl\/portal\/wp-json\/wp\/v2\/posts\/3642","targetHints":{"allow":["GET"]}}],"collection":[{"href":"https:\/\/www.rincondelbulla.cl\/portal\/wp-json\/wp\/v2\/posts"}],"about":[{"href":"https:\/\/www.rincondelbulla.cl\/portal\/wp-json\/wp\/v2\/types\/post"}],"author":[{"embeddable":true,"href":"https:\/\/www.rincondelbulla.cl\/portal\/wp-json\/wp\/v2\/users\/65"}],"replies":[{"embeddable":true,"href":"https:\/\/www.rincondelbulla.cl\/portal\/wp-json\/wp\/v2\/comments?post=3642"}],"version-history":[{"count":0,"href":"https:\/\/www.rincondelbulla.cl\/portal\/wp-json\/wp\/v2\/posts\/3642\/revisions"}],"wp:featuredmedia":[{"embeddable":true,"href":"https:\/\/www.rincondelbulla.cl\/portal\/wp-json\/wp\/v2\/media\/5231"}],"wp:attachment":[{"href":"https:\/\/www.rincondelbulla.cl\/portal\/wp-json\/wp\/v2\/media?parent=3642"}],"wp:term":[{"taxonomy":"category","embeddable":true,"href":"https:\/\/www.rincondelbulla.cl\/portal\/wp-json\/wp\/v2\/categories?post=3642"},{"taxonomy":"post_tag","embeddable":true,"href":"https:\/\/www.rincondelbulla.cl\/portal\/wp-json\/wp\/v2\/tags?post=3642"}],"curies":[{"name":"wp","href":"https:\/\/api.w.org\/{rel}","templated":true}]}}