{"id":3644,"date":"2014-01-27T23:59:32","date_gmt":"2014-01-27T23:59:32","guid":{"rendered":"http:\/\/www.rincondelbulla.cl\/portal\/?p=3644"},"modified":"2014-01-27T23:59:32","modified_gmt":"2014-01-27T23:59:32","slug":"alienta-a-la-u-en-la-copa-libertadores","status":"publish","type":"post","link":"https:\/\/www.rincondelbulla.cl\/portal\/2014\/01\/27\/alienta-a-la-u-en-la-copa-libertadores\/","title":{"rendered":"Alienta a la \u201cU\u201d en la Copa Libertadores"},"content":{"rendered":"<p><img loading=\"lazy\" decoding=\"async\" class=\" size-full wp-image-5233\" src=\"http:\/\/www.rincondelbulla.cl\/portal\/wp-content\/uploads\/2014\/01\/048e752c64cf593538ebd02b789f68f2.jpg\" alt=\"\" width=\"900\" height=\"600\" srcset=\"https:\/\/www.rincondelbulla.cl\/portal\/wp-content\/uploads\/2014\/01\/048e752c64cf593538ebd02b789f68f2.jpg 900w, https:\/\/www.rincondelbulla.cl\/portal\/wp-content\/uploads\/2014\/01\/048e752c64cf593538ebd02b789f68f2-300x200.jpg 300w, https:\/\/www.rincondelbulla.cl\/portal\/wp-content\/uploads\/2014\/01\/048e752c64cf593538ebd02b789f68f2-768x512.jpg 768w, https:\/\/www.rincondelbulla.cl\/portal\/wp-content\/uploads\/2014\/01\/048e752c64cf593538ebd02b789f68f2-696x464.jpg 696w, https:\/\/www.rincondelbulla.cl\/portal\/wp-content\/uploads\/2014\/01\/048e752c64cf593538ebd02b789f68f2-630x420.jpg 630w\" sizes=\"auto, (max-width: 900px) 100vw, 900px\" \/><\/p>\n<p><p><strong>Este jueves puedes acompa\u00f1ar al cuadro del \u201cRelojito\u201d que debuta en torneos internacionales ante Guaran\u00ed de Paraguay. <!--more--> <\/strong>A las 20 horas los azules disputar\u00e1n su trascendental encuentro en el Estadio Nacional. Las entradas las puedes comprar por el sistema on line DaleTicket.cl.<\/p>\n<p>Si no puedes comprar tu entrada por internet, lo podr\u00e1s hacer el mi\u00e9rcoles y jueves en las boleter\u00edas del Estadio Nacional (Grecia Poniente). El primer d\u00eda desde las 10 a 19 horas, mientras que el jueves solo hasta las 15.30.<\/p>\n<p>Los valores son los siguientes:<\/p>\n<p style=\"margin: 0cm 0cm 0.0001pt; line-height: 12pt;\"><span style=\"font-size: 9pt; font-family: 'Trebuchet MS', sans-serif;\">Bajo Marquesina: $35.000.-<\/span><\/p>\n<p style=\"margin: 0cm 0cm 0.0001pt; line-height: 12pt; outline: none;\"><span style=\"font-size: 9pt; font-family: 'Trebuchet MS', sans-serif;\">Fuera Marquesina: $25.000.-<\/span><\/p>\n<p style=\"margin: 0cm 0cm 0.0001pt; line-height: 12pt; outline: none;\"><span style=\"font-size: 9pt; font-family: 'Trebuchet MS', sans-serif;\">Andes: $10:000.-<\/span><\/p>\n<p style=\"margin: 0cm 0cm 0.0001pt; line-height: 12pt; outline: none;\"><span style=\"font-size: 9pt; font-family: 'Trebuchet MS', sans-serif;\">Pac\u00edfico Lateral Norte Visita: $10.000.-<\/span><\/p>\n<p style=\"margin: 0cm 0cm 0.0001pt; line-height: 12pt; outline: none;\"><span style=\"font-size: 9pt; font-family: 'Trebuchet MS', sans-serif;\">Galer\u00eda Sur: $6.000.-<\/span><\/p>\n<p style=\"margin: 0cm 0cm 0.0001pt; line-height: 12pt; outline: none;\"><span style=\"font-size: 9pt; font-family: 'Trebuchet MS', sans-serif;\">Galer\u00eda Norte: $6.000.-<\/span><\/p>\n<p style=\"margin: 0cm 0cm 0.0001pt; line-height: 12pt; outline: none;\"><span style=\"font-size: 9pt; font-family: 'Trebuchet MS', sans-serif;\">Galer\u00eda Ni\u00f1o: $4.000.-&nbsp;<\/span><\/p><\/p>\n","protected":false},"excerpt":{"rendered":"<p>Este jueves puedes acompa\u00f1ar al cuadro del \u201cRelojito\u201d que debuta en torneos internacionales ante Guaran\u00ed de Paraguay.<\/p>\n","protected":false},"author":65,"featured_media":5233,"comment_status":"open","ping_status":"open","sticky":false,"template":"","format":"standard","meta":{"footnotes":""},"categories":[18],"tags":[128,196,195],"class_list":{"0":"post-3644","1":"post","2":"type-post","3":"status-publish","4":"format-standard","5":"has-post-thumbnail","7":"category-actualidad","8":"tag-copa-libertadores","9":"tag-daleticket","10":"tag-entradas"},"_links":{"self":[{"href":"https:\/\/www.rincondelbulla.cl\/portal\/wp-json\/wp\/v2\/posts\/3644","targetHints":{"allow":["GET"]}}],"collection":[{"href":"https:\/\/www.rincondelbulla.cl\/portal\/wp-json\/wp\/v2\/posts"}],"about":[{"href":"https:\/\/www.rincondelbulla.cl\/portal\/wp-json\/wp\/v2\/types\/post"}],"author":[{"embeddable":true,"href":"https:\/\/www.rincondelbulla.cl\/portal\/wp-json\/wp\/v2\/users\/65"}],"replies":[{"embeddable":true,"href":"https:\/\/www.rincondelbulla.cl\/portal\/wp-json\/wp\/v2\/comments?post=3644"}],"version-history":[{"count":0,"href":"https:\/\/www.rincondelbulla.cl\/portal\/wp-json\/wp\/v2\/posts\/3644\/revisions"}],"wp:featuredmedia":[{"embeddable":true,"href":"https:\/\/www.rincondelbulla.cl\/portal\/wp-json\/wp\/v2\/media\/5233"}],"wp:attachment":[{"href":"https:\/\/www.rincondelbulla.cl\/portal\/wp-json\/wp\/v2\/media?parent=3644"}],"wp:term":[{"taxonomy":"category","embeddable":true,"href":"https:\/\/www.rincondelbulla.cl\/portal\/wp-json\/wp\/v2\/categories?post=3644"},{"taxonomy":"post_tag","embeddable":true,"href":"https:\/\/www.rincondelbulla.cl\/portal\/wp-json\/wp\/v2\/tags?post=3644"}],"curies":[{"name":"wp","href":"https:\/\/api.w.org\/{rel}","templated":true}]}}