{"id":3645,"date":"2014-01-29T16:29:24","date_gmt":"2014-01-29T16:29:24","guid":{"rendered":"http:\/\/www.rincondelbulla.cl\/portal\/?p=3645"},"modified":"2014-01-29T16:29:24","modified_gmt":"2014-01-29T16:29:24","slug":"el-relojito-va-por-mora","status":"publish","type":"post","link":"https:\/\/www.rincondelbulla.cl\/portal\/2014\/01\/29\/el-relojito-va-por-mora\/","title":{"rendered":"El \u201cRelojito\u201d va por Mora"},"content":{"rendered":"<p><img loading=\"lazy\" decoding=\"async\" class=\" size-full wp-image-5234\" src=\"http:\/\/www.rincondelbulla.cl\/portal\/wp-content\/uploads\/2014\/01\/ad18d219429f3ba3bf197068408f17ae.jpg\" alt=\"\" width=\"700\" height=\"525\" srcset=\"https:\/\/www.rincondelbulla.cl\/portal\/wp-content\/uploads\/2014\/01\/ad18d219429f3ba3bf197068408f17ae.jpg 700w, https:\/\/www.rincondelbulla.cl\/portal\/wp-content\/uploads\/2014\/01\/ad18d219429f3ba3bf197068408f17ae-300x225.jpg 300w, https:\/\/www.rincondelbulla.cl\/portal\/wp-content\/uploads\/2014\/01\/ad18d219429f3ba3bf197068408f17ae-80x60.jpg 80w, https:\/\/www.rincondelbulla.cl\/portal\/wp-content\/uploads\/2014\/01\/ad18d219429f3ba3bf197068408f17ae-265x198.jpg 265w, https:\/\/www.rincondelbulla.cl\/portal\/wp-content\/uploads\/2014\/01\/ad18d219429f3ba3bf197068408f17ae-696x522.jpg 696w, https:\/\/www.rincondelbulla.cl\/portal\/wp-content\/uploads\/2014\/01\/ad18d219429f3ba3bf197068408f17ae-560x420.jpg 560w\" sizes=\"auto, (max-width: 700px) 100vw, 700px\" \/><\/p>\n<p><p><strong>Tras las bajas obligadas de Johnny Herrera y Juan Rodrigo Rojas, el DT azul los cambios e ve\u00edan bastante predecibles, Lu\u00eds Mar\u00edn y Sebasti\u00e1n Mart\u00ednez ser\u00eda de la partida. La sorpresa viene de la mano de Rodrigo Mora, qui\u00e9n reemplazara a Isaac D\u00edaz.<\/strong> <!--more--> Sorpresiva es la inclusi\u00f3n de Rodrigo Mora en el equipo titular, el ex River Plate reemplaza al \u201cTorito de Fresia\u201d, quien no ven\u00eda exhibiendo un buen f\u00fatbol en las \u00faltimas fechas.<\/p>\n<p>El t\u00e9cnico fue enf\u00e1tico en recordar el compromiso de los jugadores y el buen \u00e1nimo del camar\u00edn. \u201cTodos est\u00e1n muy compenetrados con lo que estamos realizando, con ganas de hacerlo bien\u201d, coment\u00f3 el \u201cRelojito\u201d.<\/p>\n<p>En relaci\u00f3n al an\u00e1lisis del equipo rival, Romero tiene bastante estudiado y ya trabaja en las falencias del plantel azul. \u201cSon un equipo que se repliega bien y sale r\u00e1pido, siento que van a buscar nuestros puntos d\u00e9biles, trabajar\u00e9 el partido en esa idea, tratar de que Guaran\u00ed no progrese en el campo y presionar como lo hicimos contra \u00d1ublense\u201d, analiz\u00f3 el estratega.<\/p>\n<p>\u201cRespetamos mucho a Guaran\u00ed, pero tenemos confianza, los jugadores est\u00e1n con ganas de ganar este primer partido para ir a asunci\u00f3n a abrochar la clasificaci\u00f3n\u201d, sentenci\u00f3 Romero.<\/p><\/p>\n","protected":false},"excerpt":{"rendered":"<p>Tras las bajas obligadas de Johnny Herrera y Juan Rodrigo Rojas, el DT azul los cambios e ve\u00edan bastante predecibles, Lu\u00eds Mar\u00edn y Sebasti\u00e1n Mart\u00ednez ser\u00eda de la partida. La sorpresa viene de la mano de Rodrigo Mora, qui\u00e9n reemplazara a Isaac D\u00edaz.<\/p>\n","protected":false},"author":65,"featured_media":5234,"comment_status":"open","ping_status":"open","sticky":false,"template":"","format":"standard","meta":{"footnotes":""},"categories":[18],"tags":[128,189,199],"class_list":{"0":"post-3645","1":"post","2":"type-post","3":"status-publish","4":"format-standard","5":"has-post-thumbnail","7":"category-actualidad","8":"tag-copa-libertadores","9":"tag-cristian-romero","10":"tag-relojito"},"_links":{"self":[{"href":"https:\/\/www.rincondelbulla.cl\/portal\/wp-json\/wp\/v2\/posts\/3645","targetHints":{"allow":["GET"]}}],"collection":[{"href":"https:\/\/www.rincondelbulla.cl\/portal\/wp-json\/wp\/v2\/posts"}],"about":[{"href":"https:\/\/www.rincondelbulla.cl\/portal\/wp-json\/wp\/v2\/types\/post"}],"author":[{"embeddable":true,"href":"https:\/\/www.rincondelbulla.cl\/portal\/wp-json\/wp\/v2\/users\/65"}],"replies":[{"embeddable":true,"href":"https:\/\/www.rincondelbulla.cl\/portal\/wp-json\/wp\/v2\/comments?post=3645"}],"version-history":[{"count":0,"href":"https:\/\/www.rincondelbulla.cl\/portal\/wp-json\/wp\/v2\/posts\/3645\/revisions"}],"wp:featuredmedia":[{"embeddable":true,"href":"https:\/\/www.rincondelbulla.cl\/portal\/wp-json\/wp\/v2\/media\/5234"}],"wp:attachment":[{"href":"https:\/\/www.rincondelbulla.cl\/portal\/wp-json\/wp\/v2\/media?parent=3645"}],"wp:term":[{"taxonomy":"category","embeddable":true,"href":"https:\/\/www.rincondelbulla.cl\/portal\/wp-json\/wp\/v2\/categories?post=3645"},{"taxonomy":"post_tag","embeddable":true,"href":"https:\/\/www.rincondelbulla.cl\/portal\/wp-json\/wp\/v2\/tags?post=3645"}],"curies":[{"name":"wp","href":"https:\/\/api.w.org\/{rel}","templated":true}]}}