{"id":3665,"date":"2014-02-20T18:57:48","date_gmt":"2014-02-20T18:57:48","guid":{"rendered":"http:\/\/www.rincondelbulla.cl\/portal\/?p=3665"},"modified":"2014-02-20T18:57:48","modified_gmt":"2014-02-20T18:57:48","slug":"el-pepe-se-guarda-para-brasil","status":"publish","type":"post","link":"https:\/\/www.rincondelbulla.cl\/portal\/2014\/02\/20\/el-pepe-se-guarda-para-brasil\/","title":{"rendered":"El Pepe se guarda para Brasil"},"content":{"rendered":"<p><img loading=\"lazy\" decoding=\"async\" class=\" size-full wp-image-5253\" src=\"http:\/\/www.rincondelbulla.cl\/portal\/wp-content\/uploads\/2014\/02\/53725dc11bcbdc3072b2c1e6f01617c0.jpg\" alt=\"\" width=\"700\" height=\"525\" srcset=\"https:\/\/www.rincondelbulla.cl\/portal\/wp-content\/uploads\/2014\/02\/53725dc11bcbdc3072b2c1e6f01617c0.jpg 700w, https:\/\/www.rincondelbulla.cl\/portal\/wp-content\/uploads\/2014\/02\/53725dc11bcbdc3072b2c1e6f01617c0-300x225.jpg 300w, https:\/\/www.rincondelbulla.cl\/portal\/wp-content\/uploads\/2014\/02\/53725dc11bcbdc3072b2c1e6f01617c0-80x60.jpg 80w, https:\/\/www.rincondelbulla.cl\/portal\/wp-content\/uploads\/2014\/02\/53725dc11bcbdc3072b2c1e6f01617c0-265x198.jpg 265w, https:\/\/www.rincondelbulla.cl\/portal\/wp-content\/uploads\/2014\/02\/53725dc11bcbdc3072b2c1e6f01617c0-696x522.jpg 696w, https:\/\/www.rincondelbulla.cl\/portal\/wp-content\/uploads\/2014\/02\/53725dc11bcbdc3072b2c1e6f01617c0-560x420.jpg 560w\" sizes=\"auto, (max-width: 700px) 100vw, 700px\" \/><\/p>\n<p><p><strong>En un ajetreado d\u00eda en el CDA sac\u00f3 la voz el capit\u00e1n azul, quien confirm\u00f3 que a pesar de estar mejor, se tom\u00f3 la decisi\u00f3n de priorizar su participaci\u00f3n por la Copa Libertadores este martes ante el Cruzeiro. <!--more--> <\/strong>Durante los entrenamientos de esta semana no se hab\u00eda visto al \u201cPepe\u201d y se especulaba de su ausencia este viernes ante Audax Italiano y as\u00ed se ratific\u00f3 hoy. \u201cEl partido pasado tuve un golpe en la espalda, no me alcance a recuperar del todo, y es por eso que conjunto al cuerpo t\u00e9cnico decidimos llegar de mejor manera al martes\u201d, comentaba Jos\u00e9 Rojas.<\/p>\n<p>Ante el inminente cambio de esquema para este viernes y el pr\u00f3ximo martes por la Copa Libertadores, el capit\u00e1n ve esto de buena manera volver a jugar con 4 en el fondo. \u201cCreo que es positivo, sobre todo creo que hay que manejar los dos sistemas a la perfecci\u00f3n\u201d. En relaci\u00f3n a esto, el \u201cPepe\u201d siente que el partido del martes es vital. \u201cCreo que haremos un lindo encuentro en el cual nos va a definir en qu\u00e9 par\u00e1metros estamos para enfrentar esta copa\u201d.<\/p>\n<p>Sobre lo que ha sucedido fuera de la cancha, el referente azul alz\u00f3 la voz para respaldar a Johnny. \u201cSiento que uno como jugador siempre va a querer lo mejor, tanto para el hincha como para el club, eso es lo que tratamos de transmitir. Uno tiene que sobreponerse a este tipo de cosas, porque uno que naci\u00f3 ac\u00e1 quiero lo mejor\u201d, sentenci\u00f3 Rojas.<\/p><\/p>\n","protected":false},"excerpt":{"rendered":"<p>En un ajetreado d\u00eda en el CDA sac\u00f3 la voz el capit\u00e1n azul, quien confirm\u00f3 que a pesar de estar mejor, se tom\u00f3 la decisi\u00f3n de priorizar su participaci\u00f3n por la Copa Libertadores este martes ante el Cruzeiro.<\/p>\n","protected":false},"author":65,"featured_media":5253,"comment_status":"open","ping_status":"open","sticky":false,"template":"","format":"standard","meta":{"footnotes":""},"categories":[18],"tags":[],"class_list":{"0":"post-3665","1":"post","2":"type-post","3":"status-publish","4":"format-standard","5":"has-post-thumbnail","7":"category-actualidad"},"_links":{"self":[{"href":"https:\/\/www.rincondelbulla.cl\/portal\/wp-json\/wp\/v2\/posts\/3665","targetHints":{"allow":["GET"]}}],"collection":[{"href":"https:\/\/www.rincondelbulla.cl\/portal\/wp-json\/wp\/v2\/posts"}],"about":[{"href":"https:\/\/www.rincondelbulla.cl\/portal\/wp-json\/wp\/v2\/types\/post"}],"author":[{"embeddable":true,"href":"https:\/\/www.rincondelbulla.cl\/portal\/wp-json\/wp\/v2\/users\/65"}],"replies":[{"embeddable":true,"href":"https:\/\/www.rincondelbulla.cl\/portal\/wp-json\/wp\/v2\/comments?post=3665"}],"version-history":[{"count":0,"href":"https:\/\/www.rincondelbulla.cl\/portal\/wp-json\/wp\/v2\/posts\/3665\/revisions"}],"wp:featuredmedia":[{"embeddable":true,"href":"https:\/\/www.rincondelbulla.cl\/portal\/wp-json\/wp\/v2\/media\/5253"}],"wp:attachment":[{"href":"https:\/\/www.rincondelbulla.cl\/portal\/wp-json\/wp\/v2\/media?parent=3665"}],"wp:term":[{"taxonomy":"category","embeddable":true,"href":"https:\/\/www.rincondelbulla.cl\/portal\/wp-json\/wp\/v2\/categories?post=3665"},{"taxonomy":"post_tag","embeddable":true,"href":"https:\/\/www.rincondelbulla.cl\/portal\/wp-json\/wp\/v2\/tags?post=3665"}],"curies":[{"name":"wp","href":"https:\/\/api.w.org\/{rel}","templated":true}]}}