{"id":3674,"date":"2014-03-12T15:38:21","date_gmt":"2014-03-12T15:38:21","guid":{"rendered":"http:\/\/www.rincondelbulla.cl\/portal\/?p=3674"},"modified":"2014-08-30T20:26:30","modified_gmt":"2014-08-30T20:26:30","slug":"el-sufrido-triunfo-en-la-altura","status":"publish","type":"post","link":"https:\/\/www.rincondelbulla.cl\/portal\/2014\/03\/12\/el-sufrido-triunfo-en-la-altura\/","title":{"rendered":"El sufrido triunfo en la altura"},"content":{"rendered":"<figure id=\"attachment_5262\" aria-describedby=\"caption-attachment-5262\" style=\"width: 700px\" class=\"wp-caption alignnone\"><img loading=\"lazy\" decoding=\"async\" class=\"caption\" title=\"Foto: Google\" src=\"http:\/\/www.rincondelbulla.cl\/portal\/wp-content\/uploads\/2014\/03\/301a9b2311a9acc4c285b55c666d6efc.jpg\" alt=\"\" width=\"700\" height=\"402\" \/><figcaption id=\"caption-attachment-5262\" class=\"wp-caption-text\">Foto: Google<\/figcaption><\/figure>\n<p>&nbsp;<\/p>\n<p><strong>Era un partido complicado, sobre todo despu\u00e9s de las ultimas actuaciones que ven\u00eda mostrando el le\u00f3n, pero nuevamente la U rugi\u00f3 como forastero y seguimos m\u00e1s vivos que nunca en la Libertadores.<\/strong> <!--more--><\/p>\n<p><strong>Escrito por: Samyro Chamberline<\/strong><\/p>\n<p>Desde los primeros minutos del partido la U se par\u00f3 en terreno rival, logrando replegar a Garcilaso a su propio campo de juego y alargar las lineas del equipo local. As\u00ed luego de que Lorenzetti desperdiciara una ocasi\u00f3n en inmejorable posici\u00f3n, en una jugada de contragolpe y tras una descoordinaci\u00f3n defensiva entre Pepe y Mar\u00edn, llego la apertura de la cuenta del equipo cuzque\u00f1o.<\/p>\n<p>El partido se pon\u00eda cuesta arriba, pensando que a trav\u00e9s de un contragolpe nos marcaron y era la U la que ten\u00eda que salir a buscar el empate, pero tras un esfuerzo del \u201cparagua\u201d Rojas llego la falta que sancionara el arbitro para el esplendido tiro libre de Ram\u00f3n. As\u00ed las cosas nos fuimos empatados al entretiempo. Pero la U quer\u00eda m\u00e1s y en la cabeza del Enzo llego el 2-1 que nos pone a la cabeza del grupo junto a los charruas. Sin duda fue un gran triunfo y un correcto partido jugado por los azules.<\/p>\n<p><strong>Claves T\u00e1cticas<\/strong><\/p>\n<p><strong>Una Linea de Tres Consolidada<\/strong><\/p>\n<p>La linea de tres es la forma donde m\u00e1s c\u00f3modos se sienten para jugar a nuestros defensas, ya que cada uno maneja muy bien su puesto y se cubren muy bien unos a otros. Osvaldo vez que Romero ha decidido ponerlo de Lateral no rinde, y es porque no maneja ese puesto.<\/p>\n<p><strong>Poblar el medioterreno<\/strong><\/p>\n<p>Aunque al \u201cParagua\u201d le costo agarrar la manija del partido, en el segundo tiempo no quedaba duda de que fue una de las figuras de los azules, eso sumado al buen desempe\u00f1o del Chino Martinez y Cereceda en el medioterreno, adem\u00e1s de los alt\u00edsimos rendimientos de los enlaces Ram\u00f3n Fern\u00e1ndez y Lorenzetti, Hicieron que la \u201cgloriosa\u201d siempre fuera dominador del Partido.<\/p>\n<p><strong>La cocina en la cocina y el comedor en el comedor<\/strong><\/p>\n<p>Si bien los delanteros se sacrificaron m\u00e1s de lo normal al jugar m\u00e1s abiertos que de costumbre, siempre se supo que jugaban adelante y eran los encargados de finiquitar. Enzo corriendo mucho y con su merecida recompensa por el gol convertido, y Mora que todav\u00eda sigue en deuda, pero que en ciertas pelotas logra generar alguna que otra pelota detenida, demuestra que es mejor ocupar a los jugadores en sus puestos que improvisando laterales que no lo son como Ruben Farf\u00e1n y Francisco Castro, ambos jugadores vez que Relojito los pone de laterales volantes recorren mucho campo de juego y pierden la frontalidad que los caracteriza.<\/p>\n<p>Por ultimo este triunfo en altura es buen\u00edsimo, y si evaluamos las dos expulsiones casi al finalizar el encuentro, nos favorece mucho que por Igor en la misma jugada se fuera expulsado Ferreira, tomando en cuenta que el Martes enfrentamos a Garcilaso de local en Santiago e Igor no es titular, y el paraguayo fue de los puntos m\u00e1s alto en los peruanos.<\/p>\n","protected":false},"excerpt":{"rendered":"<p>&nbsp; Era un partido complicado, sobre todo despu\u00e9s de las ultimas actuaciones que ven\u00eda mostrando el le\u00f3n, pero nuevamente la U rugi\u00f3 como forastero y seguimos m\u00e1s vivos que nunca en la Libertadores.<\/p>\n","protected":false},"author":56,"featured_media":5262,"comment_status":"open","ping_status":"open","sticky":false,"template":"","format":"standard","meta":{"footnotes":""},"categories":[18],"tags":[454,193,189,102,36,156],"class_list":{"0":"post-3674","1":"post","2":"type-post","3":"status-publish","4":"format-standard","5":"has-post-thumbnail","7":"category-actualidad","8":"tag-actualidad","9":"tag-copa-libertadores-2014","10":"tag-cristian-romero","11":"tag-los-de-abajo","12":"tag-opinion","13":"tag-universidad-de-chile"},"_links":{"self":[{"href":"https:\/\/www.rincondelbulla.cl\/portal\/wp-json\/wp\/v2\/posts\/3674","targetHints":{"allow":["GET"]}}],"collection":[{"href":"https:\/\/www.rincondelbulla.cl\/portal\/wp-json\/wp\/v2\/posts"}],"about":[{"href":"https:\/\/www.rincondelbulla.cl\/portal\/wp-json\/wp\/v2\/types\/post"}],"author":[{"embeddable":true,"href":"https:\/\/www.rincondelbulla.cl\/portal\/wp-json\/wp\/v2\/users\/56"}],"replies":[{"embeddable":true,"href":"https:\/\/www.rincondelbulla.cl\/portal\/wp-json\/wp\/v2\/comments?post=3674"}],"version-history":[{"count":1,"href":"https:\/\/www.rincondelbulla.cl\/portal\/wp-json\/wp\/v2\/posts\/3674\/revisions"}],"predecessor-version":[{"id":5465,"href":"https:\/\/www.rincondelbulla.cl\/portal\/wp-json\/wp\/v2\/posts\/3674\/revisions\/5465"}],"wp:featuredmedia":[{"embeddable":true,"href":"https:\/\/www.rincondelbulla.cl\/portal\/wp-json\/wp\/v2\/media\/5262"}],"wp:attachment":[{"href":"https:\/\/www.rincondelbulla.cl\/portal\/wp-json\/wp\/v2\/media?parent=3674"}],"wp:term":[{"taxonomy":"category","embeddable":true,"href":"https:\/\/www.rincondelbulla.cl\/portal\/wp-json\/wp\/v2\/categories?post=3674"},{"taxonomy":"post_tag","embeddable":true,"href":"https:\/\/www.rincondelbulla.cl\/portal\/wp-json\/wp\/v2\/tags?post=3674"}],"curies":[{"name":"wp","href":"https:\/\/api.w.org\/{rel}","templated":true}]}}