{"id":3678,"date":"2014-03-20T19:18:51","date_gmt":"2014-03-20T19:18:51","guid":{"rendered":"http:\/\/www.rincondelbulla.cl\/portal\/?p=3678"},"modified":"2014-03-20T19:18:51","modified_gmt":"2014-03-20T19:18:51","slug":"roberto-cereceda-es-un-clasico-y-tenemos-que-ganarlo","status":"publish","type":"post","link":"https:\/\/www.rincondelbulla.cl\/portal\/2014\/03\/20\/roberto-cereceda-es-un-clasico-y-tenemos-que-ganarlo\/","title":{"rendered":"Roberto Cereceda: Es un cl\u00e1sico y tenemos que ganarlo"},"content":{"rendered":"<p><img loading=\"lazy\" decoding=\"async\" class=\" size-full wp-image-5265\" src=\"http:\/\/www.rincondelbulla.cl\/portal\/wp-content\/uploads\/2014\/03\/2a937451d4e09c310617893390bea345.jpg\" alt=\"\" width=\"700\" height=\"465\" srcset=\"https:\/\/www.rincondelbulla.cl\/portal\/wp-content\/uploads\/2014\/03\/2a937451d4e09c310617893390bea345.jpg 700w, https:\/\/www.rincondelbulla.cl\/portal\/wp-content\/uploads\/2014\/03\/2a937451d4e09c310617893390bea345-300x199.jpg 300w, https:\/\/www.rincondelbulla.cl\/portal\/wp-content\/uploads\/2014\/03\/2a937451d4e09c310617893390bea345-696x462.jpg 696w, https:\/\/www.rincondelbulla.cl\/portal\/wp-content\/uploads\/2014\/03\/2a937451d4e09c310617893390bea345-632x420.jpg 632w\" sizes=\"auto, (max-width: 700px) 100vw, 700px\" \/><\/p>\n<p><p><strong>Tras un duro partido de Copa Libertadores en donde los azules se alzaron con la punta del grupo, el plantel ya da vuelta la p\u00e1gina y se enfoca de cara al Cl\u00e1sico Universitario a disputarse este domingo a las 11.30.<\/strong> <!--more--> Hoy desde el CDA el azul, Roberto Cereceda puso todas sus fichas en el c\u00e1sico que se juega este fin de semana y afirm\u00f3 que se saldr\u00e1 a buscar con todo. \u201cViene un cl\u00e1sico que es importante para nosotros, no en la posici\u00f3n que queremos, pero es importante por lo que significa y estamos preparando eso\u201d, coment\u00f3.<\/p>\n<p>Ante el mal momento que la \u201cU\u201d vive en el torneo nacional, Cereceda hizo hincapi\u00e9 en el estos son partidos distintos. \u201cSiempre los cl\u00e1sicos son diferentes, no importa la ubicaci\u00f3n. Uno juega pensando en ganar\u201d, se\u00f1al\u00f3.<\/p>\n<p>Ante la suplencia de Patricio Rubio en los \u00faltimos partidos, Cereceda fue enf\u00e1tico en se\u00f1alar la tranquilidad del jugador y el plantel. \u201cEs uno de los goleadores del campeonato, \u00e9l est\u00e1 tranquilo, el t\u00e9cnico toma decisi\u00f3n, tenemos t\u00e9cnicos de gran nivel y ahora le ha tocado estar fuera\u201d.<\/p><\/p>\n","protected":false},"excerpt":{"rendered":"<p>Tras un duro partido de Copa Libertadores en donde los azules se alzaron con la punta del grupo, el plantel ya da vuelta la p\u00e1gina y se enfoca de cara al Cl\u00e1sico Universitario a disputarse este domingo a las 11.30.<\/p>\n","protected":false},"author":65,"featured_media":5265,"comment_status":"open","ping_status":"open","sticky":false,"template":"","format":"standard","meta":{"footnotes":""},"categories":[18],"tags":[],"class_list":{"0":"post-3678","1":"post","2":"type-post","3":"status-publish","4":"format-standard","5":"has-post-thumbnail","7":"category-actualidad"},"_links":{"self":[{"href":"https:\/\/www.rincondelbulla.cl\/portal\/wp-json\/wp\/v2\/posts\/3678","targetHints":{"allow":["GET"]}}],"collection":[{"href":"https:\/\/www.rincondelbulla.cl\/portal\/wp-json\/wp\/v2\/posts"}],"about":[{"href":"https:\/\/www.rincondelbulla.cl\/portal\/wp-json\/wp\/v2\/types\/post"}],"author":[{"embeddable":true,"href":"https:\/\/www.rincondelbulla.cl\/portal\/wp-json\/wp\/v2\/users\/65"}],"replies":[{"embeddable":true,"href":"https:\/\/www.rincondelbulla.cl\/portal\/wp-json\/wp\/v2\/comments?post=3678"}],"version-history":[{"count":0,"href":"https:\/\/www.rincondelbulla.cl\/portal\/wp-json\/wp\/v2\/posts\/3678\/revisions"}],"wp:featuredmedia":[{"embeddable":true,"href":"https:\/\/www.rincondelbulla.cl\/portal\/wp-json\/wp\/v2\/media\/5265"}],"wp:attachment":[{"href":"https:\/\/www.rincondelbulla.cl\/portal\/wp-json\/wp\/v2\/media?parent=3678"}],"wp:term":[{"taxonomy":"category","embeddable":true,"href":"https:\/\/www.rincondelbulla.cl\/portal\/wp-json\/wp\/v2\/categories?post=3678"},{"taxonomy":"post_tag","embeddable":true,"href":"https:\/\/www.rincondelbulla.cl\/portal\/wp-json\/wp\/v2\/tags?post=3678"}],"curies":[{"name":"wp","href":"https:\/\/api.w.org\/{rel}","templated":true}]}}