{"id":3694,"date":"2014-04-04T02:13:38","date_gmt":"2014-04-04T02:13:38","guid":{"rendered":"http:\/\/www.rincondelbulla.cl\/portal\/?p=3694"},"modified":"2014-04-04T02:13:38","modified_gmt":"2014-04-04T02:13:38","slug":"a-seguir-sufriendo","status":"publish","type":"post","link":"https:\/\/www.rincondelbulla.cl\/portal\/2014\/04\/04\/a-seguir-sufriendo\/","title":{"rendered":"A seguir sufriendo"},"content":{"rendered":"<figure id=\"attachment_5277\" aria-describedby=\"caption-attachment-5277\" style=\"width: 619px\" class=\"wp-caption alignnone\"><img loading=\"lazy\" decoding=\"async\" class=\" size-full wp-image-5277\" src=\"http:\/\/www.rincondelbulla.cl\/portal\/wp-content\/uploads\/2014\/04\/b29c0d3ec2fcc322a67ee18ad5a93eeb.jpg\" alt=\"Foto: agencia UNO\" class=\"caption\" title=\"los azules enviaron fuerza al norte de Chile\" width=\"619\" height=\"464\" srcset=\"https:\/\/www.rincondelbulla.cl\/portal\/wp-content\/uploads\/2014\/04\/b29c0d3ec2fcc322a67ee18ad5a93eeb.jpg 619w, https:\/\/www.rincondelbulla.cl\/portal\/wp-content\/uploads\/2014\/04\/b29c0d3ec2fcc322a67ee18ad5a93eeb-300x225.jpg 300w, https:\/\/www.rincondelbulla.cl\/portal\/wp-content\/uploads\/2014\/04\/b29c0d3ec2fcc322a67ee18ad5a93eeb-80x60.jpg 80w, https:\/\/www.rincondelbulla.cl\/portal\/wp-content\/uploads\/2014\/04\/b29c0d3ec2fcc322a67ee18ad5a93eeb-265x198.jpg 265w, https:\/\/www.rincondelbulla.cl\/portal\/wp-content\/uploads\/2014\/04\/b29c0d3ec2fcc322a67ee18ad5a93eeb-560x420.jpg 560w\" sizes=\"auto, (max-width: 619px) 100vw, 619px\" \/><figcaption id=\"caption-attachment-5277\" class=\"wp-caption-text\">los azules enviaron fuerza al norte de Chile<\/figcaption><\/figure>\n<p><p style=\"text-align: justify;\"><strong><span style=\"font-family: Arial, sans-serif;\">Universidad de Chile necesitaba un punto, un empate para clasificar a la siguiente ronda de Copa Libertadores y, de paso, dejar eliminado a uno de los favoritos del Torneo, sin embargo no fue como se esperaba y los azules volvieron a caer ante el club brasile\u00f1o, esta vez en Santiago por 0 a 2 y todo se define en la \u00faltima fecha. &nbsp;<i><\/i><\/span><\/strong><\/p>\n<p style=\"text-align: justify;\"><strong><span style=\"font-family: Arial, sans-serif;\"> <!--more--> <\/span><\/strong><\/p>\n<p style=\"text-align: justify;\"><span style=\"font-family: Arial, sans-serif;\">No era un partido f\u00e1cil. Eso estaba claro, de hecho se sab\u00eda que iba a haber sufrimiento, sin embargo ni el m\u00e1s pesimista hincha azul cre\u00eda que el resultado ser\u00eda adverso.<\/span><\/p>\n<p style=\"text-align: justify;\"><span style=\"font-family: Arial, sans-serif;\">Y el partido no comenz\u00f3 mal. Hasta los 16 minutos la U lo controlaba, no dominaba pero controlaba. Eso porque a los 17\u2019 un tiro libre de los visitantes fue conectado de cabeza por el gigante defensor Bruno Rodrigo, dejando el 0-1 transitorio pero a la U con vida aun.<\/span><\/p>\n<p style=\"text-align: justify;\"><span style=\"font-family: Arial, sans-serif;\">Luego de eso los azules adelantaron algo sus l\u00edneas y fueron por el empate y Rubio lo tuvo. Un pase largo de Fern\u00e1ndez encontr\u00f3 al delantero de la U quien le gan\u00f3 a los defensores en velocidad y conect\u00f3 de primera el bal\u00f3n que se fue, caprichosamente, a cent\u00edmetros del poste.<\/span><\/p>\n<p style=\"text-align: justify;\"><span style=\"font-family: Arial, sans-serif;\">El partido segu\u00eda trabado y aunque la U no generaba un mayor peligro se ve\u00eda que controlaba los ataques rivales, hasta que lleg\u00f3 el minuto fatal. Faltando cinco minutos para el final de la primera parte, un bal\u00f3n largo encontr\u00f3 mal parados a los defensores azules que iban saliendo y Miguel Samudio qued\u00f3 mano a mano con Herrera para decretar el 0-2. Todo se pon\u00eda cuesta arriba, aunque casi terminando el primer tiempo Cereceda tom\u00f3 un rebote despu\u00e9s de un tiro de esquina y sac\u00f3 un remate furioso que fue sacado con la punta de los dedos por el portero de los brasile\u00f1os. <\/span><\/p>\n<p style=\"text-align: justify;\"><span style=\"font-family: Arial, sans-serif;\">En la segunda fracci\u00f3n los azules se fueron con todo con el ingreso de Castro por Mart\u00ednez. El Tobi le tom\u00f3 la pulseada al defensor por la banda derecha y gener\u00f3, al menos, dos opciones de peligro, sin embargo Romero mand\u00f3 al campo a Farf\u00e1n, haciendo un enroque que mand\u00f3 a Castro a la izquierda perdiendo el peligro por ambas bandas y anulando el cambio propio.<\/span><\/p>\n<p style=\"text-align: justify;\"><span style=\"font-family: Arial, sans-serif;\">A la larga los segundos 45 minutos fueron de ataques sin claridad de la U y algunos amagos de contragolpe de los visitantes.<\/span><\/p>\n<p style=\"text-align: justify;\"><span style=\"font-family: Arial, sans-serif;\">El duelo termin\u00f3 0-2y deja a ambos cuadros con vida, aunque a los Leones dependiendo de s\u00ed mismos porque un triunfo en Uruguay deja a los azules en la siguiente ronda y a los brasile\u00f1os eliminados en una Copa que tiene pocos equipos fuertes en carrera.<\/span><\/p>\n<p style=\"text-align: justify;\"><span style=\"font-family: Arial, sans-serif;\">Por lo pronto se viene el cl\u00e1sico del domingo para sumar, esperemos, otra alegr\u00eda en un semestre que ha dejado poco y en la Copa Libertadores, a seguir sufriendo.&nbsp;<\/span><\/p><\/p>\n","protected":false},"excerpt":{"rendered":"<p>Universidad de Chile necesitaba un punto, un empate para clasificar a la siguiente ronda de Copa Libertadores y, de paso, dejar eliminado a uno de los favoritos del Torneo, sin embargo no fue como se esperaba y los azules volvieron a caer ante el club brasile\u00f1o, esta vez en Santiago por 0 a 2 y [&#8230;]<\/p>\n","protected":false},"author":57,"featured_media":5277,"comment_status":"open","ping_status":"open","sticky":false,"template":"","format":"standard","meta":{"footnotes":""},"categories":[18],"tags":[193],"class_list":{"0":"post-3694","1":"post","2":"type-post","3":"status-publish","4":"format-standard","5":"has-post-thumbnail","7":"category-actualidad","8":"tag-copa-libertadores-2014"},"_links":{"self":[{"href":"https:\/\/www.rincondelbulla.cl\/portal\/wp-json\/wp\/v2\/posts\/3694","targetHints":{"allow":["GET"]}}],"collection":[{"href":"https:\/\/www.rincondelbulla.cl\/portal\/wp-json\/wp\/v2\/posts"}],"about":[{"href":"https:\/\/www.rincondelbulla.cl\/portal\/wp-json\/wp\/v2\/types\/post"}],"author":[{"embeddable":true,"href":"https:\/\/www.rincondelbulla.cl\/portal\/wp-json\/wp\/v2\/users\/57"}],"replies":[{"embeddable":true,"href":"https:\/\/www.rincondelbulla.cl\/portal\/wp-json\/wp\/v2\/comments?post=3694"}],"version-history":[{"count":0,"href":"https:\/\/www.rincondelbulla.cl\/portal\/wp-json\/wp\/v2\/posts\/3694\/revisions"}],"wp:featuredmedia":[{"embeddable":true,"href":"https:\/\/www.rincondelbulla.cl\/portal\/wp-json\/wp\/v2\/media\/5277"}],"wp:attachment":[{"href":"https:\/\/www.rincondelbulla.cl\/portal\/wp-json\/wp\/v2\/media?parent=3694"}],"wp:term":[{"taxonomy":"category","embeddable":true,"href":"https:\/\/www.rincondelbulla.cl\/portal\/wp-json\/wp\/v2\/categories?post=3694"},{"taxonomy":"post_tag","embeddable":true,"href":"https:\/\/www.rincondelbulla.cl\/portal\/wp-json\/wp\/v2\/tags?post=3694"}],"curies":[{"name":"wp","href":"https:\/\/api.w.org\/{rel}","templated":true}]}}