{"id":3703,"date":"2014-04-10T15:27:10","date_gmt":"2014-04-10T15:27:10","guid":{"rendered":"http:\/\/www.rincondelbulla.cl\/portal\/?p=3703"},"modified":"2014-08-30T20:27:11","modified_gmt":"2014-08-30T20:27:11","slug":"se-acabo-el-semestre-azul","status":"publish","type":"post","link":"https:\/\/www.rincondelbulla.cl\/portal\/2014\/04\/10\/se-acabo-el-semestre-azul\/","title":{"rendered":"Se acab\u00f3 el semestre azul"},"content":{"rendered":"<p><img loading=\"lazy\" decoding=\"async\" class=\" size-full wp-image-5284\" src=\"http:\/\/www.rincondelbulla.cl\/portal\/wp-content\/uploads\/2014\/04\/6c40637f76178b8285ca809948d5711f.jpg\" alt=\"\" width=\"900\" height=\"600\" srcset=\"https:\/\/www.rincondelbulla.cl\/portal\/wp-content\/uploads\/2014\/04\/6c40637f76178b8285ca809948d5711f.jpg 900w, https:\/\/www.rincondelbulla.cl\/portal\/wp-content\/uploads\/2014\/04\/6c40637f76178b8285ca809948d5711f-300x200.jpg 300w, https:\/\/www.rincondelbulla.cl\/portal\/wp-content\/uploads\/2014\/04\/6c40637f76178b8285ca809948d5711f-768x512.jpg 768w, https:\/\/www.rincondelbulla.cl\/portal\/wp-content\/uploads\/2014\/04\/6c40637f76178b8285ca809948d5711f-696x464.jpg 696w, https:\/\/www.rincondelbulla.cl\/portal\/wp-content\/uploads\/2014\/04\/6c40637f76178b8285ca809948d5711f-630x420.jpg 630w\" sizes=\"auto, (max-width: 900px) 100vw, 900px\" \/><\/p>\n<p>&nbsp;<\/p>\n<p><strong>Por segundo a\u00f1o consecutivo nos quedamos en la fase grupal de la Libertadores, y con el sabor en boca de haber podido trepar m\u00e1s en el torneo continental. <!--more--> Escrito por: Samyro Chamberline<\/strong><\/p>\n<p>Similitudes en los procesos de Dario Franco y Cristian Romero parecieran ser muchos, pero me parece que nuevamente la culpa no es del Chancho sino de quien le da afrecho.<\/p>\n<p>Con la eliminaci\u00f3n de ayer en Copa Libertadores se dio por terminado el mandato del se\u00f1or Yuraszeck, y esperemos que con \u00e9l los malos resultados y malas pr\u00e1cticas hayan concluido tambi\u00e9n.<\/p>\n<p>Ayer como durante todo el semestre y tambi\u00e9n el primer semestre del 2013 la inexperiencia del cuerpo t\u00e9cnico nos paso la cuenta. Cuando el partido a\u00fan se iba ganando por 1-0 era de perobrullo trabar el juego en el mediocampo y poner otro jugador que acompa\u00f1ara a un cansado Mart\u00ednez en la recuperaci\u00f3n del Bal\u00f3n, el empate se ve\u00eda venir y lleg\u00f3, y el Profe Romero decide meter a la cancha luego de 4 meses de inactividad al Conejo Ubilla que le costo mucho entrar en juego y la clasificaci\u00f3n se ve\u00eda cada vez m\u00e1s lejana.<\/p>\n<p>El Rom\u00e1ntico Viajero en 7 d\u00edas, donde se jug\u00f3 dos partidos muy importantes a nivel continental y el cl\u00e1sico con los \u00abincoloros\u00bb, s\u00f3lo rescato un punto y con ello despide un semestre para el olvido.<\/p>\n<p><strong>An\u00e1lisis T\u00e1ctico<\/strong><\/p>\n<p><strong>Altura Charr\u00faa<\/strong><br \/>\nEl promedio de altura de los jugadores uruguayos era de sobre el metro ochenta muy superior al de los azules. Pero la pelota se juega por el suelo, y cuando la U lo hizo fue superior a los uruguayos, cuando comenz\u00f3 el tirar centros sin sentido siempre fuimos inferiores y la confusi\u00f3n nuevamente se apodero de los jugadores.<\/p>\n<p><strong>Mart\u00ednez Muy Solo<\/strong><br \/>\nSe puede comprender que hab\u00eda que ganar si o si el partido, pero viendo el desgaste que tuvo el \u00abchinito\u00bb contra Cruzeiro y los \u00abincoloros\u00bb no hubiera sido descabellado en el entretiempo poner un tercer central o un hombre que acompa\u00f1ara a Mart\u00ednez y as\u00ed no perder el manejo del partido.<\/p>\n<p><strong>Confusi\u00f3n<\/strong><br \/>\nHan pasado varios partidos y desde afuera no se puede decir cual es el juego de la U, y los jugadores tambi\u00e9n lo notan. Partido a partido los cambios son distintos, jugadores que no jugaban hace 4 meses entran en un partido clave, nadie sabe para que dej\u00f3 a Civelli. Claramente hay una confusi\u00f3n en el cuerpo t\u00e9cnico.<\/p>\n","protected":false},"excerpt":{"rendered":"<p>&nbsp; Por segundo a\u00f1o consecutivo nos quedamos en la fase grupal de la Libertadores, y con el sabor en boca de haber podido trepar m\u00e1s en el torneo continental.<\/p>\n","protected":false},"author":56,"featured_media":5284,"comment_status":"open","ping_status":"open","sticky":false,"template":"","format":"standard","meta":{"footnotes":""},"categories":[18],"tags":[454,193,36,156],"class_list":{"0":"post-3703","1":"post","2":"type-post","3":"status-publish","4":"format-standard","5":"has-post-thumbnail","7":"category-actualidad","8":"tag-actualidad","9":"tag-copa-libertadores-2014","10":"tag-opinion","11":"tag-universidad-de-chile"},"_links":{"self":[{"href":"https:\/\/www.rincondelbulla.cl\/portal\/wp-json\/wp\/v2\/posts\/3703","targetHints":{"allow":["GET"]}}],"collection":[{"href":"https:\/\/www.rincondelbulla.cl\/portal\/wp-json\/wp\/v2\/posts"}],"about":[{"href":"https:\/\/www.rincondelbulla.cl\/portal\/wp-json\/wp\/v2\/types\/post"}],"author":[{"embeddable":true,"href":"https:\/\/www.rincondelbulla.cl\/portal\/wp-json\/wp\/v2\/users\/56"}],"replies":[{"embeddable":true,"href":"https:\/\/www.rincondelbulla.cl\/portal\/wp-json\/wp\/v2\/comments?post=3703"}],"version-history":[{"count":1,"href":"https:\/\/www.rincondelbulla.cl\/portal\/wp-json\/wp\/v2\/posts\/3703\/revisions"}],"predecessor-version":[{"id":5470,"href":"https:\/\/www.rincondelbulla.cl\/portal\/wp-json\/wp\/v2\/posts\/3703\/revisions\/5470"}],"wp:featuredmedia":[{"embeddable":true,"href":"https:\/\/www.rincondelbulla.cl\/portal\/wp-json\/wp\/v2\/media\/5284"}],"wp:attachment":[{"href":"https:\/\/www.rincondelbulla.cl\/portal\/wp-json\/wp\/v2\/media?parent=3703"}],"wp:term":[{"taxonomy":"category","embeddable":true,"href":"https:\/\/www.rincondelbulla.cl\/portal\/wp-json\/wp\/v2\/categories?post=3703"},{"taxonomy":"post_tag","embeddable":true,"href":"https:\/\/www.rincondelbulla.cl\/portal\/wp-json\/wp\/v2\/tags?post=3703"}],"curies":[{"name":"wp","href":"https:\/\/api.w.org\/{rel}","templated":true}]}}