{"id":3755,"date":"2014-08-08T15:51:45","date_gmt":"2014-08-08T15:51:45","guid":{"rendered":"http:\/\/www.rincondelbulla.cl\/portal\/?p=3755"},"modified":"2014-09-01T15:58:07","modified_gmt":"2014-09-01T15:58:07","slug":"borghi-sigue-hablando-desde-la-herida","status":"publish","type":"post","link":"https:\/\/www.rincondelbulla.cl\/portal\/2014\/08\/08\/borghi-sigue-hablando-desde-la-herida\/","title":{"rendered":"Borghi sigue hablando desde la herida"},"content":{"rendered":"<p class=\"p1\"><strong><a href=\"http:\/\/www.rincondelbulla.cl\/portal\/wp-content\/uploads\/2014\/08\/borghi.jpg\"><img loading=\"lazy\" decoding=\"async\" class=\"alignnone size-full wp-image-5509\" src=\"http:\/\/www.rincondelbulla.cl\/portal\/wp-content\/uploads\/2014\/08\/borghi.jpg\" alt=\"borghi\" width=\"1100\" height=\"700\" srcset=\"https:\/\/www.rincondelbulla.cl\/portal\/wp-content\/uploads\/2014\/08\/borghi.jpg 1100w, https:\/\/www.rincondelbulla.cl\/portal\/wp-content\/uploads\/2014\/08\/borghi-300x191.jpg 300w, https:\/\/www.rincondelbulla.cl\/portal\/wp-content\/uploads\/2014\/08\/borghi-768x489.jpg 768w, https:\/\/www.rincondelbulla.cl\/portal\/wp-content\/uploads\/2014\/08\/borghi-696x443.jpg 696w, https:\/\/www.rincondelbulla.cl\/portal\/wp-content\/uploads\/2014\/08\/borghi-1068x680.jpg 1068w, https:\/\/www.rincondelbulla.cl\/portal\/wp-content\/uploads\/2014\/08\/borghi-660x420.jpg 660w\" sizes=\"auto, (max-width: 1100px) 100vw, 1100px\" \/><\/a><\/strong><\/p>\n<p class=\"p1\"><strong>Hay gente que a pesar de que pasan los a\u00f1os siguen hablando por la herida, no nos sorprende las declaraciones de Borghi el d\u00eda de ayer, siguen siendo pataletas de un tecnico mediocre.<\/strong><!--more--><\/p>\n<p class=\"p1\"><strong>Escrito por: Samyro Chamberline<\/strong><\/p>\n<p class=\"p1\">Cosas como \u201cHubo un jugador que se desgarr\u00f3 en Venezuela y a los dos d\u00edas estaba jugando en su club, no quiero decir su nombre pero se llama Rojas\u201d, aludiendo claramente al capit\u00e1n de la Gloriosa, \u201chab\u00edan cuervos sobrevolando esperando mi salida\u201d refiri\u00e9ndose al t\u00e9cnico de la Selecci\u00f3n Jorge Luis Sampaoli, \u201cMuchos jugadores me llaman, pero ninguno de esos es Vidal\u201d fueron parte de las \u00abinteligentes\u00bb declaraciones de un t\u00e9cnico m\u00e1s preocupado por la parrilla, de renunciar cada dos d\u00edas y su constante compadreo con los periodistas de Chile; (los mismos que hasta el d\u00eda de hoy cuestionan una y otra vez el accionar de Sampaoli).<\/p>\n<p class=\"p1\">Las declaraciones del \u00abse\u00f1or vendedor de humo\u00bb, en primer lugar, siguen mostrando el odio que siente por la Gloriosa, los celos que tiene al mejor t\u00e9cnico que ha dirigido en nuestro pa\u00eds durante los \u00faltimos 20 a\u00f1os, y tiene el descaro de hablar mal de uno de los mejores jugadores del planeta como lo es Arturo Vidal.<\/p>\n<p class=\"p3\">La carrera de Borghi se cimenta en hacer re\u00edr a los periodistas, no hablar las cosas a la cara, sino que a trav\u00e9s de los medios y permitir todo lo que el jugador quiera, y si el jugador cruza esa confusa l\u00ednea que no ray\u00f3 bien el t\u00e9cnico las declaraciones son despiadadas y siempre a trav\u00e9s de la prensa.<\/p>\n<p class=\"p3\">Borghi tuvo la suerte de dirigir a los \u00abincoloros\u00bb con un equipo plagado de estrellas, que posteriormente fuera la base de la selecci\u00f3n chilena para el mundial del 2010, en la Sudamericana, que celebr\u00f3 antes de ganarla, tuvo la suerte de enfrentar a equipos de baja jerarqu\u00eda a lo largo del torneo, salvo en la final que vio como Pachuca le quitaba la copa de las manos cuando a\u00fan la ten\u00eda abrazada.<\/p>\n<p class=\"p3\">En argentina fue campe\u00f3n en un torneo de muy bajo nivel con Argentinos Juniors antes dirigi\u00f3 a Independiente sumando otro fracaso en su carrera del humo, cuando pas\u00f3 a la banca Xeneize al igual que en el Rojo no consigui\u00f3 nada, teniendo un plantel riquisimo. Luego pas\u00f3 a la selecci\u00f3n de Chile y se fue por la puerta de atr\u00e1s al mostrar un p\u00e9simo juego, constantes actos de indisciplinas en el plantel y amenazas de renuncias reiteradas. Hoy dirige en la B Argentina, el lugar que le corresponde a una persona que durante su vida como jugador siempre fue el segundo despu\u00e9s de Diego y ahora como DT dispara hacia las alturas, tratando de confrontar con don Jorge Sampaoli y nuestro Capit\u00e1n Pepe Rojas.<\/p>\n","protected":false},"excerpt":{"rendered":"<p>Hay gente que a pesar de que pasan los a\u00f1os siguen hablando por la herida, no nos sorprende las declaraciones de Borghi el d\u00eda de ayer, siguen siendo pataletas de un tecnico mediocre.<\/p>\n","protected":false},"author":56,"featured_media":5509,"comment_status":"closed","ping_status":"open","sticky":false,"template":"","format":"standard","meta":{"footnotes":""},"categories":[18],"tags":[454,245,51,36,53],"class_list":{"0":"post-3755","1":"post","2":"type-post","3":"status-publish","4":"format-standard","5":"has-post-thumbnail","7":"category-actualidad","8":"tag-actualidad","9":"tag-claudio-borgui","10":"tag-jose-rojas","11":"tag-opinion","12":"tag-seleccion-chilena"},"_links":{"self":[{"href":"https:\/\/www.rincondelbulla.cl\/portal\/wp-json\/wp\/v2\/posts\/3755","targetHints":{"allow":["GET"]}}],"collection":[{"href":"https:\/\/www.rincondelbulla.cl\/portal\/wp-json\/wp\/v2\/posts"}],"about":[{"href":"https:\/\/www.rincondelbulla.cl\/portal\/wp-json\/wp\/v2\/types\/post"}],"author":[{"embeddable":true,"href":"https:\/\/www.rincondelbulla.cl\/portal\/wp-json\/wp\/v2\/users\/56"}],"replies":[{"embeddable":true,"href":"https:\/\/www.rincondelbulla.cl\/portal\/wp-json\/wp\/v2\/comments?post=3755"}],"version-history":[{"count":3,"href":"https:\/\/www.rincondelbulla.cl\/portal\/wp-json\/wp\/v2\/posts\/3755\/revisions"}],"predecessor-version":[{"id":5510,"href":"https:\/\/www.rincondelbulla.cl\/portal\/wp-json\/wp\/v2\/posts\/3755\/revisions\/5510"}],"wp:featuredmedia":[{"embeddable":true,"href":"https:\/\/www.rincondelbulla.cl\/portal\/wp-json\/wp\/v2\/media\/5509"}],"wp:attachment":[{"href":"https:\/\/www.rincondelbulla.cl\/portal\/wp-json\/wp\/v2\/media?parent=3755"}],"wp:term":[{"taxonomy":"category","embeddable":true,"href":"https:\/\/www.rincondelbulla.cl\/portal\/wp-json\/wp\/v2\/categories?post=3755"},{"taxonomy":"post_tag","embeddable":true,"href":"https:\/\/www.rincondelbulla.cl\/portal\/wp-json\/wp\/v2\/tags?post=3755"}],"curies":[{"name":"wp","href":"https:\/\/api.w.org\/{rel}","templated":true}]}}