{"id":3765,"date":"2014-08-20T18:07:21","date_gmt":"2014-08-20T18:07:21","guid":{"rendered":"http:\/\/www.rincondelbulla.cl\/portal\/?p=3765"},"modified":"2014-08-30T20:23:00","modified_gmt":"2014-08-30T20:23:00","slug":"fuerza-waldini","status":"publish","type":"post","link":"https:\/\/www.rincondelbulla.cl\/portal\/2014\/08\/20\/fuerza-waldini\/","title":{"rendered":"Fuerza Waldini"},"content":{"rendered":"<p class=\"p1\"><strong><a href=\"http:\/\/www.rincondelbulla.cl\/portal\/wp-content\/uploads\/2014\/08\/waldoponce.jpg\"><img loading=\"lazy\" decoding=\"async\" class=\"alignnone size-full wp-image-5435\" src=\"http:\/\/www.rincondelbulla.cl\/portal\/wp-content\/uploads\/2014\/08\/waldoponce.jpg\" alt=\"waldoponce\" width=\"1000\" height=\"600\" srcset=\"https:\/\/www.rincondelbulla.cl\/portal\/wp-content\/uploads\/2014\/08\/waldoponce.jpg 1000w, https:\/\/www.rincondelbulla.cl\/portal\/wp-content\/uploads\/2014\/08\/waldoponce-300x180.jpg 300w, https:\/\/www.rincondelbulla.cl\/portal\/wp-content\/uploads\/2014\/08\/waldoponce-768x461.jpg 768w, https:\/\/www.rincondelbulla.cl\/portal\/wp-content\/uploads\/2014\/08\/waldoponce-696x418.jpg 696w, https:\/\/www.rincondelbulla.cl\/portal\/wp-content\/uploads\/2014\/08\/waldoponce-700x420.jpg 700w\" sizes=\"auto, (max-width: 1000px) 100vw, 1000px\" \/><\/a>El calvario de Waldo Ponce parece llegar a su fin, y hoy asoma entre los titulares de la Gloriosa. <!--more--> Escrito por: Samyro Chamberline<\/strong><\/p>\n<p class=\"p1\">Despu\u00e9s de casi dos a\u00f1os Waldini volver\u00e1 a jugar un partido oficial y de a poco espera recuperar su nivel. Esperamos que el trabajo rinda sus frutos y anhelamos ver a Ponce siendo el patr\u00f3n en la defensa azul. Waldo lleva m\u00e1s de dos a\u00f1os trabajando en silencio en el CDA, sin siquiera cobrar sueldo.<\/p>\n<p class=\"p1\">Adem\u00e1s participa activamente en charlas y es un referente dentro del plantel (Lo dijo \u201cMachete\u201d), y es normal verlo en las tribunas alentando a sus compa\u00f1eros.<\/p>\n<p class=\"p3\"><strong>Fuerza Waldo<\/strong>, estaremos como siempre acompa\u00f1ando tu recuperaci\u00f3n y apoyando al equipo, eres un azul de coraz\u00f3n y te queremos ver campe\u00f3n.<\/p>\n","protected":false},"excerpt":{"rendered":"<p>El calvario de Waldo Ponce parece llegar a su fin, y hoy asoma entre los titulares de la Gloriosa.<\/p>\n","protected":false},"author":56,"featured_media":5435,"comment_status":"closed","ping_status":"open","sticky":false,"template":"","format":"standard","meta":{"footnotes":""},"categories":[18],"tags":[454,154,36,156,143],"class_list":{"0":"post-3765","1":"post","2":"type-post","3":"status-publish","4":"format-standard","5":"has-post-thumbnail","7":"category-actualidad","8":"tag-actualidad","9":"tag-copa-chile","10":"tag-opinion","11":"tag-universidad-de-chile","12":"tag-waldo-ponce"},"_links":{"self":[{"href":"https:\/\/www.rincondelbulla.cl\/portal\/wp-json\/wp\/v2\/posts\/3765","targetHints":{"allow":["GET"]}}],"collection":[{"href":"https:\/\/www.rincondelbulla.cl\/portal\/wp-json\/wp\/v2\/posts"}],"about":[{"href":"https:\/\/www.rincondelbulla.cl\/portal\/wp-json\/wp\/v2\/types\/post"}],"author":[{"embeddable":true,"href":"https:\/\/www.rincondelbulla.cl\/portal\/wp-json\/wp\/v2\/users\/56"}],"replies":[{"embeddable":true,"href":"https:\/\/www.rincondelbulla.cl\/portal\/wp-json\/wp\/v2\/comments?post=3765"}],"version-history":[{"count":3,"href":"https:\/\/www.rincondelbulla.cl\/portal\/wp-json\/wp\/v2\/posts\/3765\/revisions"}],"predecessor-version":[{"id":5437,"href":"https:\/\/www.rincondelbulla.cl\/portal\/wp-json\/wp\/v2\/posts\/3765\/revisions\/5437"}],"wp:featuredmedia":[{"embeddable":true,"href":"https:\/\/www.rincondelbulla.cl\/portal\/wp-json\/wp\/v2\/media\/5435"}],"wp:attachment":[{"href":"https:\/\/www.rincondelbulla.cl\/portal\/wp-json\/wp\/v2\/media?parent=3765"}],"wp:term":[{"taxonomy":"category","embeddable":true,"href":"https:\/\/www.rincondelbulla.cl\/portal\/wp-json\/wp\/v2\/categories?post=3765"},{"taxonomy":"post_tag","embeddable":true,"href":"https:\/\/www.rincondelbulla.cl\/portal\/wp-json\/wp\/v2\/tags?post=3765"}],"curies":[{"name":"wp","href":"https:\/\/api.w.org\/{rel}","templated":true}]}}